{"id":16520,"date":"2012-11-05T14:10:26","date_gmt":"2012-11-05T13:10:26","guid":{"rendered":"http:\/\/www.burks.de\/burksblog\/?p=16520"},"modified":"2012-11-05T14:26:14","modified_gmt":"2012-11-05T13:26:14","slug":"feine-sahne-fischfilet-und-verfassungsschutz-absurdistan","status":"publish","type":"post","link":"https:\/\/www.burks.de\/burksblog\/2012\/11\/05\/feine-sahne-fischfilet-und-verfassungsschutz-absurdistan","title":{"rendered":"Feine Sahne Fischfilet und Verfassungsschutz-Absurdistan"},"content":{"rendered":"<p><img decoding=\"async\" src=\"http:\/\/www.burks.de\/burksblog\/pix\/2012\/10\/321012_1.jpg\" alt=\"feine sahne fischfilet\" border=\"1\" hspace=\"0\" vspace=\"0\" width=\"480\" \/><\/p>\n<p align=left><a href=\"http:\/\/www.spiegel.de\/panorama\/feine-sahne-fischfilet-im-verfassungsschutzbericht-mecklenburg-vorpommern-a-864974.html\">Spiegel online<\/a>: &#8222;Von einer &#8218;explizit anti-staatlichen Haltung&#8216; der Band ist die Rede, deren Ziel es sei, die &#8217;staatliche Struktur aufzul\u00f6sen&#8216;. Anmerkung am Rande: Der Verfassungsschutz befasst sich <a href=\"http:\/\/www.verfassungsschutz-mv.de\/cms2\/Verfassungsschutz_prod\/Verfassungsschutz\/content_downloads\/Verfassungsschutzberichte\/Verfassungsschutzbericht_2011.pdf\">in seinem Bericht<\/a> ausf\u00fchrlicher mit <a href=\"http:\/\/feinesahnefischfilet.blogsport.de\/\">Feine Sahne Fischfilet<\/a> als mit dem &#8218;Nationalsozialistischen Untergrund&#8216; (NSU).&#8220;<\/p>\n<p>Man sieht sehr sch\u00f6n, in welch absurder totalitarismusdoktrin\u00e4ren Scheinwelt diese Verfassungs&#8220;sch\u00fctzer&#8220; und ihre Groupies leben.<\/p>\n<p><i>Screenshot: Verfassungsschutzbericht Mecklenburg-Vorpommern 2011<\/i><\/p>\n<div class=\"pdfprnt-buttons pdfprnt-buttons-post pdfprnt-bottom-right\"><a href=\"https:\/\/www.burks.de\/burksblog\/wp-json\/wp\/v2\/posts\/16520?print=pdf\" class=\"pdfprnt-button pdfprnt-button-pdf\" target=\"_blank\" ><img decoding=\"async\" src=\"https:\/\/www.burks.de\/burksblog\/wp-content\/plugins\/pdf-print\/images\/pdf.png\" alt=\"image_pdf\" title=\"PDF anzeigen\" \/><\/a><a href=\"https:\/\/www.burks.de\/burksblog\/wp-json\/wp\/v2\/posts\/16520?print=print\" class=\"pdfprnt-button pdfprnt-button-print\" target=\"_blank\" ><img decoding=\"async\" src=\"https:\/\/www.burks.de\/burksblog\/wp-content\/plugins\/pdf-print\/images\/print.png\" alt=\"image_print\" title=\"Inhalt drucken\" \/><\/a><\/div><div class=\"twoclick_social_bookmarks_post_16520 social_share_privacy clearfix 1.6.4 locale-de_DE sprite-de_DE\"><\/div><div class=\"twoclick-js\"><script type=\"text\/javascript\">\/* <![CDATA[ *\/\njQuery(document).ready(function($){if($('.twoclick_social_bookmarks_post_16520')){$('.twoclick_social_bookmarks_post_16520').socialSharePrivacy({\"services\":{\"facebook\":{\"status\":\"on\",\"txt_info\":\"2 Klicks f\\u00fcr mehr Datenschutz: Erst wenn Sie hier klicken, wird der Button aktiv und Sie k\\u00f6nnen Ihre Empfehlung an Facebook senden. Schon beim Aktivieren werden Daten an Dritte \\u00fcbertragen - siehe <em>i<\\\/em>.\",\"perma_option\":\"off\",\"action\":\"recommend\",\"language\":\"de_DE\"},\"twitter\":{\"reply_to\":\"\",\"tweet_text\":\"%20Feine%20Sahne%20Fischfilet%20und%20Verfassungsschutz-Absurdistan%20%C2%BB%20Burks%27%20Blog%20-%20in%20dubio%20...\",\"status\":\"on\",\"txt_info\":\"2 Klicks f\\u00fcr mehr Datenschutz: Erst wenn Sie hier klicken, wird der Button aktiv und Sie k\\u00f6nnen Ihre Empfehlung an Twitter senden. Schon beim Aktivieren werden Daten an Dritte \\u00fcbertragen - siehe <em>i<\\\/em>.\",\"perma_option\":\"off\",\"language\":\"de\",\"referrer_track\":\"\"}},\"txt_help\":\"Wenn Sie diese Felder durch einen Klick aktivieren, werden Informationen an Facebook, Twitter, Flattr, Xing, t3n, LinkedIn, Pinterest oder Google eventuell ins Ausland \\u00fcbertragen und unter Umst\\u00e4nden auch dort gespeichert. N\\u00e4heres erfahren Sie durch einen Klick auf das <em>i<\\\/em>.\",\"settings_perma\":\"Dauerhaft aktivieren und Daten\\u00fcber-tragung zustimmen:\",\"info_link\":\"http:\\\/\\\/www.heise.de\\\/ct\\\/artikel\\\/2-Klicks-fuer-mehr-Datenschutz-1333879.html\",\"uri\":\"https:\\\/\\\/www.burks.de\\\/burksblog\\\/2012\\\/11\\\/05\\\/feine-sahne-fischfilet-und-verfassungsschutz-absurdistan\",\"post_id\":16520,\"post_title_referrer_track\":\"Feine+Sahne+Fischfilet+und+Verfassungsschutz-Absurdistan\",\"display_infobox\":\"on\"});}});\n\/* ]]> *\/<\/script><\/div>","protected":false},"excerpt":{"rendered":"<p>Spiegel online: &#8222;Von einer &#8218;explizit anti-staatlichen Haltung&#8216; der Band ist die Rede, deren Ziel es sei, die &#8217;staatliche Struktur aufzul\u00f6sen&#8216;. Anmerkung am Rande: Der Verfassungsschutz befasst sich in seinem Bericht ausf\u00fchrlicher mit Feine Sahne Fischfilet als mit dem &#8218;Nationalsozialistischen Untergrund&#8216; (NSU).&#8220; Man sieht sehr sch\u00f6n, in welch absurder totalitarismusdoktrin\u00e4ren Scheinwelt diese Verfassungs&#8220;sch\u00fctzer&#8220; und ihre Groupies [&hellip;]<\/p>\n","protected":false},"author":1,"featured_media":0,"comment_status":"open","ping_status":"open","sticky":false,"template":"","format":"standard","meta":{"footnotes":""},"categories":[1,15],"tags":[],"class_list":["post-16520","post","type-post","status-publish","format-standard","hentry","category-feuilleton","category-politics"],"_links":{"self":[{"href":"https:\/\/www.burks.de\/burksblog\/wp-json\/wp\/v2\/posts\/16520","targetHints":{"allow":["GET"]}}],"collection":[{"href":"https:\/\/www.burks.de\/burksblog\/wp-json\/wp\/v2\/posts"}],"about":[{"href":"https:\/\/www.burks.de\/burksblog\/wp-json\/wp\/v2\/types\/post"}],"author":[{"embeddable":true,"href":"https:\/\/www.burks.de\/burksblog\/wp-json\/wp\/v2\/users\/1"}],"replies":[{"embeddable":true,"href":"https:\/\/www.burks.de\/burksblog\/wp-json\/wp\/v2\/comments?post=16520"}],"version-history":[{"count":3,"href":"https:\/\/www.burks.de\/burksblog\/wp-json\/wp\/v2\/posts\/16520\/revisions"}],"predecessor-version":[{"id":16523,"href":"https:\/\/www.burks.de\/burksblog\/wp-json\/wp\/v2\/posts\/16520\/revisions\/16523"}],"wp:attachment":[{"href":"https:\/\/www.burks.de\/burksblog\/wp-json\/wp\/v2\/media?parent=16520"}],"wp:term":[{"taxonomy":"category","embeddable":true,"href":"https:\/\/www.burks.de\/burksblog\/wp-json\/wp\/v2\/categories?post=16520"},{"taxonomy":"post_tag","embeddable":true,"href":"https:\/\/www.burks.de\/burksblog\/wp-json\/wp\/v2\/tags?post=16520"}],"curies":[{"name":"wp","href":"https:\/\/api.w.org\/{rel}","templated":true}]}}