{"id":16481,"date":"2012-11-01T15:27:59","date_gmt":"2012-11-01T14:27:59","guid":{"rendered":"http:\/\/www.burks.de\/burksblog\/?p=16481"},"modified":"2012-11-01T15:28:51","modified_gmt":"2012-11-01T14:28:51","slug":"groblich-unsittlich","status":"publish","type":"post","link":"https:\/\/www.burks.de\/burksblog\/2012\/11\/01\/groblich-unsittlich","title":{"rendered":"Gr\u00f6blich unsittlich"},"content":{"rendered":"<p><img decoding=\"async\" src=\"http:\/\/www.burks.de\/burksblog\/pix\/2012\/10\/311012_2.jpg\" alt=\"unsittlich\" border=\"0\" hspace=\"0\" vspace=\"0\" width=\"480\" \/><\/p>\n<p align=left>&#8222;Ein Medium ist nach h\u00f6chstrichterlicher Rechtsprechung unsittlich, wenn es nach Inhalt und Ausdruck objektiv geeignet ist, in sexueller Hinsicht das Scham- und Sittlichkeitsgef\u00fchl gr\u00f6blich zu verletzen. Das Tatbestandsmerkmal &#8218;unsittlich&#8216; kann daher schon dann erf\u00fcllt sein, wenn Menschen nackt dargestellt werden und weitere Umst\u00e4nde hinzutreten.&#8220; <\/p>\n<p>So sieht das die Bundespr\u00fcfstelle f\u00fcr jugendgef\u00e4hrdende Medien (laut <a href=\"http:\/\/www.pornoanwalt.de\/?p=9358\">Pornoanwalt<\/a>)<\/p>\n<p>Sitlichkeitsgef\u00fchl. Gr\u00f6blich, nicht etwa nur &#8222;grob&#8220;. Heime f\u00fcr gefallene M\u00e4dchen. Die Sitte. Protestantische Pr\u00fcderie. Heuchelei. Bigotterie. Restriktive Sexualmoral im Kostum des gesunden Volksempfindens. Das tut man nicht. <\/p>\n<p>Wann endlich fordert eine politische Partei, die uns\u00e4gliche <del>Zensurbeh\u00f6rde<\/del> Bundespr\u00fcfstelle f\u00fcr &#8222;jugendgef\u00e4hrdende&#8220; Medien abzuschaffen?<\/p>\n<div class=\"pdfprnt-buttons pdfprnt-buttons-post pdfprnt-bottom-right\"><a href=\"https:\/\/www.burks.de\/burksblog\/wp-json\/wp\/v2\/posts\/16481?print=pdf\" class=\"pdfprnt-button pdfprnt-button-pdf\" target=\"_blank\" ><img decoding=\"async\" src=\"https:\/\/www.burks.de\/burksblog\/wp-content\/plugins\/pdf-print\/images\/pdf.png\" alt=\"image_pdf\" title=\"PDF anzeigen\" \/><\/a><a href=\"https:\/\/www.burks.de\/burksblog\/wp-json\/wp\/v2\/posts\/16481?print=print\" class=\"pdfprnt-button pdfprnt-button-print\" target=\"_blank\" ><img decoding=\"async\" src=\"https:\/\/www.burks.de\/burksblog\/wp-content\/plugins\/pdf-print\/images\/print.png\" alt=\"image_print\" title=\"Inhalt drucken\" \/><\/a><\/div><div class=\"twoclick_social_bookmarks_post_16481 social_share_privacy clearfix 1.6.4 locale-de_DE sprite-de_DE\"><\/div><div class=\"twoclick-js\"><script type=\"text\/javascript\">\/* <![CDATA[ *\/\njQuery(document).ready(function($){if($('.twoclick_social_bookmarks_post_16481')){$('.twoclick_social_bookmarks_post_16481').socialSharePrivacy({\"services\":{\"facebook\":{\"status\":\"on\",\"txt_info\":\"2 Klicks f\\u00fcr mehr Datenschutz: Erst wenn Sie hier klicken, wird der Button aktiv und Sie k\\u00f6nnen Ihre Empfehlung an Facebook senden. Schon beim Aktivieren werden Daten an Dritte \\u00fcbertragen - siehe <em>i<\\\/em>.\",\"perma_option\":\"off\",\"action\":\"recommend\",\"language\":\"de_DE\"},\"twitter\":{\"reply_to\":\"\",\"tweet_text\":\"%20Gr%C3%B6blich%20unsittlich%20%C2%BB%20Burks%27%20Blog%20-%20in%20dubio%20pro%20contra.%20De%20omnibus%20...\",\"status\":\"on\",\"txt_info\":\"2 Klicks f\\u00fcr mehr Datenschutz: Erst wenn Sie hier klicken, wird der Button aktiv und Sie k\\u00f6nnen Ihre Empfehlung an Twitter senden. Schon beim Aktivieren werden Daten an Dritte \\u00fcbertragen - siehe <em>i<\\\/em>.\",\"perma_option\":\"off\",\"language\":\"de\",\"referrer_track\":\"\"}},\"txt_help\":\"Wenn Sie diese Felder durch einen Klick aktivieren, werden Informationen an Facebook, Twitter, Flattr, Xing, t3n, LinkedIn, Pinterest oder Google eventuell ins Ausland \\u00fcbertragen und unter Umst\\u00e4nden auch dort gespeichert. N\\u00e4heres erfahren Sie durch einen Klick auf das <em>i<\\\/em>.\",\"settings_perma\":\"Dauerhaft aktivieren und Daten\\u00fcber-tragung zustimmen:\",\"info_link\":\"http:\\\/\\\/www.heise.de\\\/ct\\\/artikel\\\/2-Klicks-fuer-mehr-Datenschutz-1333879.html\",\"uri\":\"https:\\\/\\\/www.burks.de\\\/burksblog\\\/2012\\\/11\\\/01\\\/groblich-unsittlich\",\"post_id\":16481,\"post_title_referrer_track\":\"Gr%C3%B6blich+unsittlich\",\"display_infobox\":\"on\"});}});\n\/* ]]> *\/<\/script><\/div>","protected":false},"excerpt":{"rendered":"<p>&#8222;Ein Medium ist nach h\u00f6chstrichterlicher Rechtsprechung unsittlich, wenn es nach Inhalt und Ausdruck objektiv geeignet ist, in sexueller Hinsicht das Scham- und Sittlichkeitsgef\u00fchl gr\u00f6blich zu verletzen. Das Tatbestandsmerkmal &#8218;unsittlich&#8216; kann daher schon dann erf\u00fcllt sein, wenn Menschen nackt dargestellt werden und weitere Umst\u00e4nde hinzutreten.&#8220; So sieht das die Bundespr\u00fcfstelle f\u00fcr jugendgef\u00e4hrdende Medien (laut Pornoanwalt) Sitlichkeitsgef\u00fchl. [&hellip;]<\/p>\n","protected":false},"author":1,"featured_media":0,"comment_status":"open","ping_status":"open","sticky":false,"template":"","format":"standard","meta":{"footnotes":""},"categories":[16],"tags":[],"class_list":["post-16481","post","type-post","status-publish","format-standard","hentry","category-panorama"],"_links":{"self":[{"href":"https:\/\/www.burks.de\/burksblog\/wp-json\/wp\/v2\/posts\/16481","targetHints":{"allow":["GET"]}}],"collection":[{"href":"https:\/\/www.burks.de\/burksblog\/wp-json\/wp\/v2\/posts"}],"about":[{"href":"https:\/\/www.burks.de\/burksblog\/wp-json\/wp\/v2\/types\/post"}],"author":[{"embeddable":true,"href":"https:\/\/www.burks.de\/burksblog\/wp-json\/wp\/v2\/users\/1"}],"replies":[{"embeddable":true,"href":"https:\/\/www.burks.de\/burksblog\/wp-json\/wp\/v2\/comments?post=16481"}],"version-history":[{"count":3,"href":"https:\/\/www.burks.de\/burksblog\/wp-json\/wp\/v2\/posts\/16481\/revisions"}],"predecessor-version":[{"id":16484,"href":"https:\/\/www.burks.de\/burksblog\/wp-json\/wp\/v2\/posts\/16481\/revisions\/16484"}],"wp:attachment":[{"href":"https:\/\/www.burks.de\/burksblog\/wp-json\/wp\/v2\/media?parent=16481"}],"wp:term":[{"taxonomy":"category","embeddable":true,"href":"https:\/\/www.burks.de\/burksblog\/wp-json\/wp\/v2\/categories?post=16481"},{"taxonomy":"post_tag","embeddable":true,"href":"https:\/\/www.burks.de\/burksblog\/wp-json\/wp\/v2\/tags?post=16481"}],"curies":[{"name":"wp","href":"https:\/\/api.w.org\/{rel}","templated":true}]}}