{"id":16013,"date":"2012-09-20T11:19:09","date_gmt":"2012-09-20T10:19:09","guid":{"rendered":"http:\/\/www.burks.de\/burksblog\/?p=16013"},"modified":"2012-09-20T11:31:18","modified_gmt":"2012-09-20T10:31:18","slug":"republikanische-werte","status":"publish","type":"post","link":"https:\/\/www.burks.de\/burksblog\/2012\/09\/20\/republikanische-werte","title":{"rendered":"Republikanische Werte"},"content":{"rendered":"<p>Die <a href=\"http:\/\/www.ftd.de\/panorama\/kultur\/:mohammed-karikaturen-westen-streitet-ueber-meinungsfreiheit\/70093011.html\">FAZ<\/a> \u00fcber Frankreich: &#8222;Ein Teil der Linken neigt traditionell dazu, republikanische Werte hochzuhalten. Religionen d\u00fcrfen sich demnach nicht in die \u00f6ffentliche Debatte einmischen.&#8220;<\/p>\n<p>Gl\u00fcckliches Frankreich, in dem die Verehrer h\u00f6herer Wesen sich nicht in das einmischen d\u00fcrfen, was nicht ihre Sache ist! Hierzulande ist es ganz anders. Die <a href=\"http:\/\/www.stern.de\/politik\/deutschland\/islamunterricht-90844313t.html\">CDU<\/a> will ihren islamischen Konkurrenten erlauben, Kinder in Scnulen mit Aberglauben und frommen Legenden zu bel\u00e4stigen. Als wenn es nicht reichte, dass Christen dort ihr Unwesen treiben!<\/p>\n<p>Auch <a href=\"http:\/\/www.welt.de\/politik\/article4840623\/Stroebele-will-muslimischen-Festtag-als-Feiertag.html\">die Gr\u00fcnen<\/a> halten die &#8222;republikanischen Werte&#8220; <a href=\"http:\/\/www.liborius.de\/aktuell-alt\/ueberblick\/katholik-kretschmann.html\">nicht<\/a> hoch &#8211; ganz im Gegenteil: Sie k\u00f6nnen sich noch nicht einmal der <a href=\"http:\/\/berlin.piratenpartei.de\/themen\/staat-und-religion\/\"> piratischen Forderung<\/a> anschlie\u00dfen, Staat und Religion zu trennen.<\/p>\n<div class=\"pdfprnt-buttons pdfprnt-buttons-post pdfprnt-bottom-right\"><a href=\"https:\/\/www.burks.de\/burksblog\/wp-json\/wp\/v2\/posts\/16013?print=pdf\" class=\"pdfprnt-button pdfprnt-button-pdf\" target=\"_blank\" ><img decoding=\"async\" src=\"https:\/\/www.burks.de\/burksblog\/wp-content\/plugins\/pdf-print\/images\/pdf.png\" alt=\"image_pdf\" title=\"PDF anzeigen\" \/><\/a><a href=\"https:\/\/www.burks.de\/burksblog\/wp-json\/wp\/v2\/posts\/16013?print=print\" class=\"pdfprnt-button pdfprnt-button-print\" target=\"_blank\" ><img decoding=\"async\" src=\"https:\/\/www.burks.de\/burksblog\/wp-content\/plugins\/pdf-print\/images\/print.png\" alt=\"image_print\" title=\"Inhalt drucken\" \/><\/a><\/div><div class=\"twoclick_social_bookmarks_post_16013 social_share_privacy clearfix 1.6.4 locale-de_DE sprite-de_DE\"><\/div><div class=\"twoclick-js\"><script type=\"text\/javascript\">\/* <![CDATA[ *\/\njQuery(document).ready(function($){if($('.twoclick_social_bookmarks_post_16013')){$('.twoclick_social_bookmarks_post_16013').socialSharePrivacy({\"services\":{\"facebook\":{\"status\":\"on\",\"txt_info\":\"2 Klicks f\\u00fcr mehr Datenschutz: Erst wenn Sie hier klicken, wird der Button aktiv und Sie k\\u00f6nnen Ihre Empfehlung an Facebook senden. Schon beim Aktivieren werden Daten an Dritte \\u00fcbertragen - siehe <em>i<\\\/em>.\",\"perma_option\":\"off\",\"action\":\"recommend\",\"language\":\"de_DE\"},\"twitter\":{\"reply_to\":\"\",\"tweet_text\":\"Republikanische%20Werte%20%C2%BB%20Burks%27%20Blog%20-%20in%20dubio%20pro%20contra.%20De%20omnibus%20dubitandum.\",\"status\":\"on\",\"txt_info\":\"2 Klicks f\\u00fcr mehr Datenschutz: Erst wenn Sie hier klicken, wird der Button aktiv und Sie k\\u00f6nnen Ihre Empfehlung an Twitter senden. Schon beim Aktivieren werden Daten an Dritte \\u00fcbertragen - siehe <em>i<\\\/em>.\",\"perma_option\":\"off\",\"language\":\"de\",\"referrer_track\":\"\"}},\"txt_help\":\"Wenn Sie diese Felder durch einen Klick aktivieren, werden Informationen an Facebook, Twitter, Flattr, Xing, t3n, LinkedIn, Pinterest oder Google eventuell ins Ausland \\u00fcbertragen und unter Umst\\u00e4nden auch dort gespeichert. N\\u00e4heres erfahren Sie durch einen Klick auf das <em>i<\\\/em>.\",\"settings_perma\":\"Dauerhaft aktivieren und Daten\\u00fcber-tragung zustimmen:\",\"info_link\":\"http:\\\/\\\/www.heise.de\\\/ct\\\/artikel\\\/2-Klicks-fuer-mehr-Datenschutz-1333879.html\",\"uri\":\"https:\\\/\\\/www.burks.de\\\/burksblog\\\/2012\\\/09\\\/20\\\/republikanische-werte\",\"post_id\":16013,\"post_title_referrer_track\":\"Republikanische+Werte\",\"display_infobox\":\"on\"});}});\n\/* ]]> *\/<\/script><\/div>","protected":false},"excerpt":{"rendered":"<p>Die FAZ \u00fcber Frankreich: &#8222;Ein Teil der Linken neigt traditionell dazu, republikanische Werte hochzuhalten. Religionen d\u00fcrfen sich demnach nicht in die \u00f6ffentliche Debatte einmischen.&#8220; Gl\u00fcckliches Frankreich, in dem die Verehrer h\u00f6herer Wesen sich nicht in das einmischen d\u00fcrfen, was nicht ihre Sache ist! Hierzulande ist es ganz anders. Die CDU will ihren islamischen Konkurrenten erlauben, [&hellip;]<\/p>\n","protected":false},"author":1,"featured_media":0,"comment_status":"open","ping_status":"open","sticky":false,"template":"","format":"standard","meta":{"footnotes":""},"categories":[16,15],"tags":[],"class_list":["post-16013","post","type-post","status-publish","format-standard","hentry","category-panorama","category-politics"],"_links":{"self":[{"href":"https:\/\/www.burks.de\/burksblog\/wp-json\/wp\/v2\/posts\/16013","targetHints":{"allow":["GET"]}}],"collection":[{"href":"https:\/\/www.burks.de\/burksblog\/wp-json\/wp\/v2\/posts"}],"about":[{"href":"https:\/\/www.burks.de\/burksblog\/wp-json\/wp\/v2\/types\/post"}],"author":[{"embeddable":true,"href":"https:\/\/www.burks.de\/burksblog\/wp-json\/wp\/v2\/users\/1"}],"replies":[{"embeddable":true,"href":"https:\/\/www.burks.de\/burksblog\/wp-json\/wp\/v2\/comments?post=16013"}],"version-history":[{"count":2,"href":"https:\/\/www.burks.de\/burksblog\/wp-json\/wp\/v2\/posts\/16013\/revisions"}],"predecessor-version":[{"id":16018,"href":"https:\/\/www.burks.de\/burksblog\/wp-json\/wp\/v2\/posts\/16013\/revisions\/16018"}],"wp:attachment":[{"href":"https:\/\/www.burks.de\/burksblog\/wp-json\/wp\/v2\/media?parent=16013"}],"wp:term":[{"taxonomy":"category","embeddable":true,"href":"https:\/\/www.burks.de\/burksblog\/wp-json\/wp\/v2\/categories?post=16013"},{"taxonomy":"post_tag","embeddable":true,"href":"https:\/\/www.burks.de\/burksblog\/wp-json\/wp\/v2\/tags?post=16013"}],"curies":[{"name":"wp","href":"https:\/\/api.w.org\/{rel}","templated":true}]}}