{"id":15731,"date":"2012-09-04T16:52:53","date_gmt":"2012-09-04T15:52:53","guid":{"rendered":"http:\/\/www.burks.de\/burksblog\/?p=15731"},"modified":"2012-09-05T01:51:31","modified_gmt":"2012-09-05T00:51:31","slug":"verehrer-hohere-wesen-wollen-verhindern-dass-medien-uber-missbrauch-berichten","status":"publish","type":"post","link":"https:\/\/www.burks.de\/burksblog\/2012\/09\/04\/verehrer-hohere-wesen-wollen-verhindern-dass-medien-uber-missbrauch-berichten","title":{"rendered":"Verehrer h\u00f6herer Wesen wollen verhindern, dass Medien \u00fcber Missbrauch berichten"},"content":{"rendered":"<p><a href=\"http:\/\/www.heise.de\/tp\/blogs\/6\/152718\">Telepolis<\/a>: &#8222;Regensburger Di\u00f6zese will weiter Bericht \u00fcber Missbrauch verbieten&#8220;. Es geht unter anderem um <a gref=\"http:\/\/www.regensburg-digital.de\/in-eigener-sache-kirchlicher-maulkorb-aufgehoben\/18102011\/\">regensburg-digital<\/a>. Dort hie\u00df es am 18.10.2011:<\/p>\n<p><i>Damit d\u00fcrfen wir nach eineinhalb Jahren Maulkorb wieder <a href=\"http:\/\/www.regensburg-digital.de\/domspatzen-missbrauch\/07032010\/\">die Meinung vertreten<\/a>, dass die Di\u00f6zese Regensburg durch ihr Verhalten bei einem Missbrauchsfall in Viechtach 1999 wesentlich dazu beigetragen hat, dass die Verbrechen eines Priesters nicht \u00f6ffentlich wurden und er so sp\u00e4ter erneut einen Ministranten sexuell missbrauchen konnte. Wir d\u00fcrfen die Meinung vertreten, dass sich die Di\u00f6zese Regensburg in diesem Zusammenhang beim Vertuschen sehr kreativ gezeigt hat und dass seinerzeit vereinbarte Geldzahlungen den Beigeschmack von Schweigegeld haben.<\/i><\/p>\n<p>Die Di\u00f6zese <a href=\"http:\/\/www.regensburg-digital.de\/schweigegeld-zensur-diozese-will-vors-verfassungsgericht\/04092012\/\">wolle offenbar bis vors Bundesverfassungsgericht<\/a>, schreibt der Blogger Stefan Aigner heute.<\/p>\n<div class=\"pdfprnt-buttons pdfprnt-buttons-post pdfprnt-bottom-right\"><a href=\"https:\/\/www.burks.de\/burksblog\/wp-json\/wp\/v2\/posts\/15731?print=pdf\" class=\"pdfprnt-button pdfprnt-button-pdf\" target=\"_blank\" ><img decoding=\"async\" src=\"https:\/\/www.burks.de\/burksblog\/wp-content\/plugins\/pdf-print\/images\/pdf.png\" alt=\"image_pdf\" title=\"PDF anzeigen\" \/><\/a><a href=\"https:\/\/www.burks.de\/burksblog\/wp-json\/wp\/v2\/posts\/15731?print=print\" class=\"pdfprnt-button pdfprnt-button-print\" target=\"_blank\" ><img decoding=\"async\" src=\"https:\/\/www.burks.de\/burksblog\/wp-content\/plugins\/pdf-print\/images\/print.png\" alt=\"image_print\" title=\"Inhalt drucken\" \/><\/a><\/div><div class=\"twoclick_social_bookmarks_post_15731 social_share_privacy clearfix 1.6.4 locale-de_DE sprite-de_DE\"><\/div><div class=\"twoclick-js\"><script type=\"text\/javascript\">\/* <![CDATA[ *\/\njQuery(document).ready(function($){if($('.twoclick_social_bookmarks_post_15731')){$('.twoclick_social_bookmarks_post_15731').socialSharePrivacy({\"services\":{\"facebook\":{\"status\":\"on\",\"txt_info\":\"2 Klicks f\\u00fcr mehr Datenschutz: Erst wenn Sie hier klicken, wird der Button aktiv und Sie k\\u00f6nnen Ihre Empfehlung an Facebook senden. Schon beim Aktivieren werden Daten an Dritte \\u00fcbertragen - siehe <em>i<\\\/em>.\",\"perma_option\":\"off\",\"action\":\"recommend\",\"language\":\"de_DE\"},\"twitter\":{\"reply_to\":\"\",\"tweet_text\":\"%20Verehrer%20h%C3%B6herer%20Wesen%20wollen%20verhindern%2C%20dass%20Medien%20%C3%BCber%20Missbrauch%20...\",\"status\":\"on\",\"txt_info\":\"2 Klicks f\\u00fcr mehr Datenschutz: Erst wenn Sie hier klicken, wird der Button aktiv und Sie k\\u00f6nnen Ihre Empfehlung an Twitter senden. Schon beim Aktivieren werden Daten an Dritte \\u00fcbertragen - siehe <em>i<\\\/em>.\",\"perma_option\":\"off\",\"language\":\"de\",\"referrer_track\":\"\"}},\"txt_help\":\"Wenn Sie diese Felder durch einen Klick aktivieren, werden Informationen an Facebook, Twitter, Flattr, Xing, t3n, LinkedIn, Pinterest oder Google eventuell ins Ausland \\u00fcbertragen und unter Umst\\u00e4nden auch dort gespeichert. N\\u00e4heres erfahren Sie durch einen Klick auf das <em>i<\\\/em>.\",\"settings_perma\":\"Dauerhaft aktivieren und Daten\\u00fcber-tragung zustimmen:\",\"info_link\":\"http:\\\/\\\/www.heise.de\\\/ct\\\/artikel\\\/2-Klicks-fuer-mehr-Datenschutz-1333879.html\",\"uri\":\"https:\\\/\\\/www.burks.de\\\/burksblog\\\/2012\\\/09\\\/04\\\/verehrer-hohere-wesen-wollen-verhindern-dass-medien-uber-missbrauch-berichten\",\"post_id\":15731,\"post_title_referrer_track\":\"Verehrer+h%C3%B6herer+Wesen+wollen+verhindern%2C+dass+Medien+%C3%BCber+Missbrauch+berichten\",\"display_infobox\":\"on\"});}});\n\/* ]]> *\/<\/script><\/div>","protected":false},"excerpt":{"rendered":"<p>Telepolis: &#8222;Regensburger Di\u00f6zese will weiter Bericht \u00fcber Missbrauch verbieten&#8220;. Es geht unter anderem um regensburg-digital. Dort hie\u00df es am 18.10.2011: Damit d\u00fcrfen wir nach eineinhalb Jahren Maulkorb wieder die Meinung vertreten, dass die Di\u00f6zese Regensburg durch ihr Verhalten bei einem Missbrauchsfall in Viechtach 1999 wesentlich dazu beigetragen hat, dass die Verbrechen eines Priesters nicht \u00f6ffentlich [&hellip;]<\/p>\n","protected":false},"author":1,"featured_media":0,"comment_status":"open","ping_status":"open","sticky":false,"template":"","format":"standard","meta":{"footnotes":""},"categories":[16],"tags":[],"class_list":["post-15731","post","type-post","status-publish","format-standard","hentry","category-panorama"],"_links":{"self":[{"href":"https:\/\/www.burks.de\/burksblog\/wp-json\/wp\/v2\/posts\/15731","targetHints":{"allow":["GET"]}}],"collection":[{"href":"https:\/\/www.burks.de\/burksblog\/wp-json\/wp\/v2\/posts"}],"about":[{"href":"https:\/\/www.burks.de\/burksblog\/wp-json\/wp\/v2\/types\/post"}],"author":[{"embeddable":true,"href":"https:\/\/www.burks.de\/burksblog\/wp-json\/wp\/v2\/users\/1"}],"replies":[{"embeddable":true,"href":"https:\/\/www.burks.de\/burksblog\/wp-json\/wp\/v2\/comments?post=15731"}],"version-history":[{"count":2,"href":"https:\/\/www.burks.de\/burksblog\/wp-json\/wp\/v2\/posts\/15731\/revisions"}],"predecessor-version":[{"id":15733,"href":"https:\/\/www.burks.de\/burksblog\/wp-json\/wp\/v2\/posts\/15731\/revisions\/15733"}],"wp:attachment":[{"href":"https:\/\/www.burks.de\/burksblog\/wp-json\/wp\/v2\/media?parent=15731"}],"wp:term":[{"taxonomy":"category","embeddable":true,"href":"https:\/\/www.burks.de\/burksblog\/wp-json\/wp\/v2\/categories?post=15731"},{"taxonomy":"post_tag","embeddable":true,"href":"https:\/\/www.burks.de\/burksblog\/wp-json\/wp\/v2\/tags?post=15731"}],"curies":[{"name":"wp","href":"https:\/\/api.w.org\/{rel}","templated":true}]}}