{"id":14462,"date":"2012-06-10T13:04:04","date_gmt":"2012-06-10T12:04:04","guid":{"rendered":"http:\/\/www.burks.de\/burksblog\/?p=14462"},"modified":"2012-06-10T13:07:18","modified_gmt":"2012-06-10T12:07:18","slug":"sind-atheisten-keine-menschen","status":"publish","type":"post","link":"https:\/\/www.burks.de\/burksblog\/2012\/06\/10\/sind-atheisten-keine-menschen","title":{"rendered":"Sind Atheisten keine Menschen?"},"content":{"rendered":"<p>Das jedenfalls behaupte der katholische Milit\u00e4rbischof <a href=\"http:\/\/de.wikipedia.org\/wiki\/Franz-Josef_Overbeck\">Franz-Josef Overbeck<\/a>:<br \/>\n<i>Bei der diesj\u00e4hrigen Soldatenwallfahrt nach Lourdes hat Milit\u00e4rbischof Dr. Franz-Josef Overbeck nichtreligi\u00f6sen Menschen das Menschsein abgesprochen. Unter anderem behauptete er: &#8222;Ohne Religion und ohne gelebte Praxis von Religion gibt es kein Menschsein.&#8220; Zudem meinte Overbeck gegen\u00fcber der Katholischen Nachrichtenagentur (<a href=\"http:\/\/www.kna.de\/\">KNA<\/a>), dass konfessionsfreie Soldaten nicht so gewissenhaft entscheiden k\u00f6nnten wie religi\u00f6se: &#8222;Oberste Priorit\u00e4t hat, dass Soldaten Gewalt nur im \u00e4u\u00dfersten Notfall und vor allem verantwortungsvoll einsetzen. Mit einem festen Glauben lassen sich solche Entscheidungen gewissenhafter treffen.&#8220;<\/i><\/p>\n<p>Die <a href=\"http:\/\/www.giordano-bruno-stiftung.de\/meldung\/kritik-an-militaerbischof-overbeck\">Giordano-Bruno-Stiftung<\/a> hat den Bundesminister der Verteidigung, Thomas de Maizi\u00e8re, zu einer Stellungsnahme aufgefordert. <\/p>\n<p>Pfaffen zu <del datetime=\"2012-06-10T11:58:36+00:00\">Kinderg\u00e4rtnern<\/del> Kloakenreinigern!<\/p>\n<div class=\"pdfprnt-buttons pdfprnt-buttons-post pdfprnt-bottom-right\"><a href=\"https:\/\/www.burks.de\/burksblog\/wp-json\/wp\/v2\/posts\/14462?print=pdf\" class=\"pdfprnt-button pdfprnt-button-pdf\" target=\"_blank\" ><img decoding=\"async\" src=\"https:\/\/www.burks.de\/burksblog\/wp-content\/plugins\/pdf-print\/images\/pdf.png\" alt=\"image_pdf\" title=\"PDF anzeigen\" \/><\/a><a href=\"https:\/\/www.burks.de\/burksblog\/wp-json\/wp\/v2\/posts\/14462?print=print\" class=\"pdfprnt-button pdfprnt-button-print\" target=\"_blank\" ><img decoding=\"async\" src=\"https:\/\/www.burks.de\/burksblog\/wp-content\/plugins\/pdf-print\/images\/print.png\" alt=\"image_print\" title=\"Inhalt drucken\" \/><\/a><\/div><div class=\"twoclick_social_bookmarks_post_14462 social_share_privacy clearfix 1.6.4 locale-de_DE sprite-de_DE\"><\/div><div class=\"twoclick-js\"><script type=\"text\/javascript\">\/* <![CDATA[ *\/\njQuery(document).ready(function($){if($('.twoclick_social_bookmarks_post_14462')){$('.twoclick_social_bookmarks_post_14462').socialSharePrivacy({\"services\":{\"facebook\":{\"status\":\"on\",\"txt_info\":\"2 Klicks f\\u00fcr mehr Datenschutz: Erst wenn Sie hier klicken, wird der Button aktiv und Sie k\\u00f6nnen Ihre Empfehlung an Facebook senden. Schon beim Aktivieren werden Daten an Dritte \\u00fcbertragen - siehe <em>i<\\\/em>.\",\"perma_option\":\"off\",\"action\":\"recommend\",\"language\":\"de_DE\"},\"twitter\":{\"reply_to\":\"\",\"tweet_text\":\"%20Sind%20Atheisten%20keine%20Menschen%3F%20%C2%BB%20Burks%27%20Blog%20-%20in%20dubio%20pro%20contra.%20De%20...\",\"status\":\"on\",\"txt_info\":\"2 Klicks f\\u00fcr mehr Datenschutz: Erst wenn Sie hier klicken, wird der Button aktiv und Sie k\\u00f6nnen Ihre Empfehlung an Twitter senden. Schon beim Aktivieren werden Daten an Dritte \\u00fcbertragen - siehe <em>i<\\\/em>.\",\"perma_option\":\"off\",\"language\":\"de\",\"referrer_track\":\"\"}},\"txt_help\":\"Wenn Sie diese Felder durch einen Klick aktivieren, werden Informationen an Facebook, Twitter, Flattr, Xing, t3n, LinkedIn, Pinterest oder Google eventuell ins Ausland \\u00fcbertragen und unter Umst\\u00e4nden auch dort gespeichert. N\\u00e4heres erfahren Sie durch einen Klick auf das <em>i<\\\/em>.\",\"settings_perma\":\"Dauerhaft aktivieren und Daten\\u00fcber-tragung zustimmen:\",\"info_link\":\"http:\\\/\\\/www.heise.de\\\/ct\\\/artikel\\\/2-Klicks-fuer-mehr-Datenschutz-1333879.html\",\"uri\":\"https:\\\/\\\/www.burks.de\\\/burksblog\\\/2012\\\/06\\\/10\\\/sind-atheisten-keine-menschen\",\"post_id\":14462,\"post_title_referrer_track\":\"Sind+Atheisten+keine+Menschen%3F\",\"display_infobox\":\"on\"});}});\n\/* ]]> *\/<\/script><\/div>","protected":false},"excerpt":{"rendered":"<p>Das jedenfalls behaupte der katholische Milit\u00e4rbischof Franz-Josef Overbeck: Bei der diesj\u00e4hrigen Soldatenwallfahrt nach Lourdes hat Milit\u00e4rbischof Dr. Franz-Josef Overbeck nichtreligi\u00f6sen Menschen das Menschsein abgesprochen. Unter anderem behauptete er: &#8222;Ohne Religion und ohne gelebte Praxis von Religion gibt es kein Menschsein.&#8220; Zudem meinte Overbeck gegen\u00fcber der Katholischen Nachrichtenagentur (KNA), dass konfessionsfreie Soldaten nicht so gewissenhaft entscheiden [&hellip;]<\/p>\n","protected":false},"author":1,"featured_media":0,"comment_status":"open","ping_status":"open","sticky":false,"template":"","format":"standard","meta":{"footnotes":""},"categories":[16],"tags":[],"class_list":["post-14462","post","type-post","status-publish","format-standard","hentry","category-panorama"],"_links":{"self":[{"href":"https:\/\/www.burks.de\/burksblog\/wp-json\/wp\/v2\/posts\/14462","targetHints":{"allow":["GET"]}}],"collection":[{"href":"https:\/\/www.burks.de\/burksblog\/wp-json\/wp\/v2\/posts"}],"about":[{"href":"https:\/\/www.burks.de\/burksblog\/wp-json\/wp\/v2\/types\/post"}],"author":[{"embeddable":true,"href":"https:\/\/www.burks.de\/burksblog\/wp-json\/wp\/v2\/users\/1"}],"replies":[{"embeddable":true,"href":"https:\/\/www.burks.de\/burksblog\/wp-json\/wp\/v2\/comments?post=14462"}],"version-history":[{"count":2,"href":"https:\/\/www.burks.de\/burksblog\/wp-json\/wp\/v2\/posts\/14462\/revisions"}],"predecessor-version":[{"id":14464,"href":"https:\/\/www.burks.de\/burksblog\/wp-json\/wp\/v2\/posts\/14462\/revisions\/14464"}],"wp:attachment":[{"href":"https:\/\/www.burks.de\/burksblog\/wp-json\/wp\/v2\/media?parent=14462"}],"wp:term":[{"taxonomy":"category","embeddable":true,"href":"https:\/\/www.burks.de\/burksblog\/wp-json\/wp\/v2\/categories?post=14462"},{"taxonomy":"post_tag","embeddable":true,"href":"https:\/\/www.burks.de\/burksblog\/wp-json\/wp\/v2\/tags?post=14462"}],"curies":[{"name":"wp","href":"https:\/\/api.w.org\/{rel}","templated":true}]}}