{"id":1429,"date":"2008-12-07T13:31:02","date_gmt":"2008-12-07T11:31:02","guid":{"rendered":"http:\/\/www.burks.de\/burksblog\/?p=1429"},"modified":"2008-12-07T19:35:53","modified_gmt":"2008-12-07T17:35:53","slug":"pressefreiheit-in-frankreich","status":"publish","type":"post","link":"https:\/\/www.burks.de\/burksblog\/2008\/12\/07\/pressefreiheit-in-frankreich","title":{"rendered":"Pressefreiheit in Frankreich"},"content":{"rendered":"<p><a href=\"http:\/\/www.tagesspiegel.de\/meinung\/kommentare\/;art141,2678719\">Tagesspiegel<\/a>: &#8222;Im Morgengrauen klingeln drei Polizisten an der T\u00fcr des Journalisten. Er soll einer Untersuchungsrichterin vorgef\u00fchrt werden. Der Journalist protestiert. Er sei sich keiner Schuld bewusst, sagt er. Die Polizisten halten ihm vor, er sei &#8217;schlimmer als Gesindel&#8216;. Sie sagen das in der Gegenwart des 14 Jahre alten Sohns, der aus dem Schlaf gerissen wurde und v\u00f6llig ver\u00e4ngstigt danebensteht. Vergeblich verlangt der Journalist, einen Anwalt seiner Zeitung zu sprechen. Dann wird er gefesselt und zum Gericht gebracht. Dort muss er sich nackt ausziehen, seine Kleidung wird durchsucht und man sperrt ihn in eine Zelle. Nach einer Stunde wird er wieder hervorgeholt. Wieder muss er sich, diesmal unter Androhung von Gewalt, bis auf die Haut ausziehen. Schlie\u00dflich wird er, wiederum gefesselt, der Richterin vorgef\u00fchrt. Sie er\u00f6ffnet ihm, dass gegen ihn ein Untersuchungsverfahren wegen Verleumdung er\u00f6ffnet sei und dass er mit Gewalt vorgef\u00fchrt wurde, weil er einer Vorladung keine Folge geleistet habe. (&#8230;) F\u00fcr Verleumdung droht in Frankreich allenfalls eine Geldstrafe. Trotzdem wurde der Journalist wie ein Schwerverbrecher behandelt.&#8220; [<a href=\"http:\/\/www.tagesspiegel.de\/meinung\/kommentare\/;art141,2678719\">mehr&#8230;<\/a>]<\/p>\n<p>Kein Problem. Solche Zust\u00e4nde kriegen wir hier auch noch: &#8222;Justizministerin Rachida Dati und Innenministerin Mich\u00e8le Alliot-Marie erkl\u00e4rten, die Behandlung von de Filippis sei &#8218;regul\u00e4r&#8216; gewesen.&#8220; Aber sicher. Es dient ja der &#8222;Wahrheitsfindung&#8220;. Und ein Richter, der diese Ma\u00dfnahme als &#8222;verh\u00e4ltnism\u00e4\u00dfig&#8220; ansehen w\u00fcrde, w\u00e4re schnell gefunden, vielleicht sogar am <a href=\"http:\/\/www.burks.de\/burksblog\/2008\/11\/11\/wohnungsdurchsuchung-bei-mir-heute-fruh\/\">Amtsgericht Tiergarten<\/a>.<\/p>\n<div class=\"pdfprnt-buttons pdfprnt-buttons-post pdfprnt-bottom-right\"><a href=\"https:\/\/www.burks.de\/burksblog\/wp-json\/wp\/v2\/posts\/1429?print=pdf\" class=\"pdfprnt-button pdfprnt-button-pdf\" target=\"_blank\" ><img decoding=\"async\" src=\"https:\/\/www.burks.de\/burksblog\/wp-content\/plugins\/pdf-print\/images\/pdf.png\" alt=\"image_pdf\" title=\"PDF anzeigen\" \/><\/a><a href=\"https:\/\/www.burks.de\/burksblog\/wp-json\/wp\/v2\/posts\/1429?print=print\" class=\"pdfprnt-button pdfprnt-button-print\" target=\"_blank\" ><img decoding=\"async\" src=\"https:\/\/www.burks.de\/burksblog\/wp-content\/plugins\/pdf-print\/images\/print.png\" alt=\"image_print\" title=\"Inhalt drucken\" \/><\/a><\/div><div class=\"twoclick_social_bookmarks_post_1429 social_share_privacy clearfix 1.6.4 locale-de_DE sprite-de_DE\"><\/div><div class=\"twoclick-js\"><script type=\"text\/javascript\">\/* <![CDATA[ *\/\njQuery(document).ready(function($){if($('.twoclick_social_bookmarks_post_1429')){$('.twoclick_social_bookmarks_post_1429').socialSharePrivacy({\"services\":{\"facebook\":{\"status\":\"on\",\"txt_info\":\"2 Klicks f\\u00fcr mehr Datenschutz: Erst wenn Sie hier klicken, wird der Button aktiv und Sie k\\u00f6nnen Ihre Empfehlung an Facebook senden. Schon beim Aktivieren werden Daten an Dritte \\u00fcbertragen - siehe <em>i<\\\/em>.\",\"perma_option\":\"off\",\"action\":\"recommend\",\"language\":\"de_DE\"},\"twitter\":{\"reply_to\":\"\",\"tweet_text\":\"%20Pressefreiheit%20in%20Frankreich%20%C2%BB%20Burks%27%20Blog%20-%20in%20dubio%20pro%20contra.%20De%20omnibus%20...\",\"status\":\"on\",\"txt_info\":\"2 Klicks f\\u00fcr mehr Datenschutz: Erst wenn Sie hier klicken, wird der Button aktiv und Sie k\\u00f6nnen Ihre Empfehlung an Twitter senden. Schon beim Aktivieren werden Daten an Dritte \\u00fcbertragen - siehe <em>i<\\\/em>.\",\"perma_option\":\"off\",\"language\":\"de\",\"referrer_track\":\"\"}},\"txt_help\":\"Wenn Sie diese Felder durch einen Klick aktivieren, werden Informationen an Facebook, Twitter, Flattr, Xing, t3n, LinkedIn, Pinterest oder Google eventuell ins Ausland \\u00fcbertragen und unter Umst\\u00e4nden auch dort gespeichert. N\\u00e4heres erfahren Sie durch einen Klick auf das <em>i<\\\/em>.\",\"settings_perma\":\"Dauerhaft aktivieren und Daten\\u00fcber-tragung zustimmen:\",\"info_link\":\"http:\\\/\\\/www.heise.de\\\/ct\\\/artikel\\\/2-Klicks-fuer-mehr-Datenschutz-1333879.html\",\"uri\":\"https:\\\/\\\/www.burks.de\\\/burksblog\\\/2008\\\/12\\\/07\\\/pressefreiheit-in-frankreich\",\"post_id\":1429,\"post_title_referrer_track\":\"Pressefreiheit+in+Frankreich\",\"display_infobox\":\"on\"});}});\n\/* ]]> *\/<\/script><\/div>","protected":false},"excerpt":{"rendered":"<p>Tagesspiegel: &#8222;Im Morgengrauen klingeln drei Polizisten an der T\u00fcr des Journalisten. Er soll einer Untersuchungsrichterin vorgef\u00fchrt werden. Der Journalist protestiert. Er sei sich keiner Schuld bewusst, sagt er. Die Polizisten halten ihm vor, er sei &#8217;schlimmer als Gesindel&#8216;. Sie sagen das in der Gegenwart des 14 Jahre alten Sohns, der aus dem Schlaf gerissen wurde [&hellip;]<\/p>\n","protected":false},"author":1,"featured_media":0,"comment_status":"open","ping_status":"open","sticky":false,"template":"","format":"standard","meta":{"footnotes":""},"categories":[23,15],"tags":[],"class_list":["post-1429","post","type-post","status-publish","format-standard","hentry","category-media","category-politics"],"_links":{"self":[{"href":"https:\/\/www.burks.de\/burksblog\/wp-json\/wp\/v2\/posts\/1429","targetHints":{"allow":["GET"]}}],"collection":[{"href":"https:\/\/www.burks.de\/burksblog\/wp-json\/wp\/v2\/posts"}],"about":[{"href":"https:\/\/www.burks.de\/burksblog\/wp-json\/wp\/v2\/types\/post"}],"author":[{"embeddable":true,"href":"https:\/\/www.burks.de\/burksblog\/wp-json\/wp\/v2\/users\/1"}],"replies":[{"embeddable":true,"href":"https:\/\/www.burks.de\/burksblog\/wp-json\/wp\/v2\/comments?post=1429"}],"version-history":[{"count":7,"href":"https:\/\/www.burks.de\/burksblog\/wp-json\/wp\/v2\/posts\/1429\/revisions"}],"predecessor-version":[{"id":1444,"href":"https:\/\/www.burks.de\/burksblog\/wp-json\/wp\/v2\/posts\/1429\/revisions\/1444"}],"wp:attachment":[{"href":"https:\/\/www.burks.de\/burksblog\/wp-json\/wp\/v2\/media?parent=1429"}],"wp:term":[{"taxonomy":"category","embeddable":true,"href":"https:\/\/www.burks.de\/burksblog\/wp-json\/wp\/v2\/categories?post=1429"},{"taxonomy":"post_tag","embeddable":true,"href":"https:\/\/www.burks.de\/burksblog\/wp-json\/wp\/v2\/tags?post=1429"}],"curies":[{"name":"wp","href":"https:\/\/api.w.org\/{rel}","templated":true}]}}