{"id":14287,"date":"2012-05-25T23:14:13","date_gmt":"2012-05-25T22:14:13","guid":{"rendered":"http:\/\/www.burks.de\/burksblog\/?p=14287"},"modified":"2012-05-25T23:41:34","modified_gmt":"2012-05-25T22:41:34","slug":"piraten-im-kriegsministerium","status":"publish","type":"post","link":"https:\/\/www.burks.de\/burksblog\/2012\/05\/25\/piraten-im-kriegsministerium","title":{"rendered":"Piraten im Kriegsministerium"},"content":{"rendered":"<p>Eine sehr h\u00fcbsche Verschw\u00f6rungstheorie habe ich in einer Mailingliste der Piraten gelesen:<\/p>\n<p><i>&#8222;Frage: Warum w\u00e4hlt man jemand zum Bundesvorsitzenden der offenbar weder ein Problem damit hat f\u00fcrs Kriegsministerium zu arbeiten, noch es in irgendeiner Weise unangebracht findet sich mit einem der gr\u00f6\u00dften Kriegsverbrecher der vergangenen Jahrzenhnte zum Plausch zu treffen?&#8220;<\/p>\n<p>Laut Spiegel-Artikel scheint Schl\u00f6mer ja f\u00fcr das CDU gef\u00fchrte Kriegsministerium zu arbeiten. &#8222;Der 41-J\u00e4hrige <a href=\"http:\/\/www.spiegel.de\/politik\/deutschland\/piratenchef-bernd-schloemer-wegen-beamtenjob-unter-druck-a-835061.html\">arbeitet als Regierungsdirektor<\/a> in Vollzeit im Verteidigungsministerium von Thomas de Maizi\u00e8re (CDU).&#8220;<\/p>\n<p>Wo das Kriegsministerium ist, ist die NATO und deren international und geopolitische Interessensph\u00e4re nicht weit.<\/p>\n<p>[Hypothese]<br \/>\nDas f\u00fchrt mich mal locker zur Hypothese, ob der Aufbau der &#8222;Piratenpartei&#8220; nicht aus diesen Kreisen origin\u00e4r betrieben wurde und wird.<\/p>\n<p>Der von der Merkel-de Maizi\u00e8re-NATO-CDU geschaffen Skandal um die Vorratsdatenspeicherung lieferte das Gr\u00fcndungsmoment f\u00fcr die &#8222;Piraten-Story&#8220;.<\/p>\n<p>Datenschutz, Transparenz und Offenheit waren anscheinend immer leere Slogans. :-)<\/p>\n<p>Mit Liquid-Feedback haben die Piraten eine eigene Piraten-Vorratsdatenspeicherung f\u00fcr politische Meinungen und Besch\u00e4ftigungsspielzeug geschaffen, die Spackeria sitzt im im Bundesvorstand (Peukert und Julia Schramm). <a href=\"http:\/\/www.spiegel.de\/netzwelt\/netzpolitik\/internet-exhibitionisten-spackeria-privatsphaere-ist-sowas-von-eighties-a-749831.html\">SPON, 10.03.2011<\/a>: Internet-Exhibitionisten &#8222;Spackeria&#8220; &#8211; &#8222;Privatsph\u00e4re ist sowas von Eighties&#8220;.<\/p>\n<p>Wer profitiert und wem schadet der Aufstieg der Piraten mit Bezug auf das deutsche Parteiensystem?<\/p>\n<p>Ich versuche mich mal an einer Antwort: Der Aufstieg der Piraten n\u00fctzt der CDU und schadet und bedroht das W\u00e4hlerpotential der &#8222;linken&#8220; und dem Namen nach &#8222;liberalen&#8220; Parteien &#8211; GR\u00dcNE, LINKE, FDP.<br \/>\n&#8230; gef\u00fchrt durch eigen Beamte der deutschen Au\u00dfenstelle des globalen NATO-Kriegsministeriums &#8230;[\/Hypothese]<\/i><\/p>\n<div class=\"pdfprnt-buttons pdfprnt-buttons-post pdfprnt-bottom-right\"><a href=\"https:\/\/www.burks.de\/burksblog\/wp-json\/wp\/v2\/posts\/14287?print=pdf\" class=\"pdfprnt-button pdfprnt-button-pdf\" target=\"_blank\" ><img decoding=\"async\" src=\"https:\/\/www.burks.de\/burksblog\/wp-content\/plugins\/pdf-print\/images\/pdf.png\" alt=\"image_pdf\" title=\"PDF anzeigen\" \/><\/a><a href=\"https:\/\/www.burks.de\/burksblog\/wp-json\/wp\/v2\/posts\/14287?print=print\" class=\"pdfprnt-button pdfprnt-button-print\" target=\"_blank\" ><img decoding=\"async\" src=\"https:\/\/www.burks.de\/burksblog\/wp-content\/plugins\/pdf-print\/images\/print.png\" alt=\"image_print\" title=\"Inhalt drucken\" \/><\/a><\/div><div class=\"twoclick_social_bookmarks_post_14287 social_share_privacy clearfix 1.6.4 locale-de_DE sprite-de_DE\"><\/div><div class=\"twoclick-js\"><script type=\"text\/javascript\">\/* <![CDATA[ *\/\njQuery(document).ready(function($){if($('.twoclick_social_bookmarks_post_14287')){$('.twoclick_social_bookmarks_post_14287').socialSharePrivacy({\"services\":{\"facebook\":{\"status\":\"on\",\"txt_info\":\"2 Klicks f\\u00fcr mehr Datenschutz: Erst wenn Sie hier klicken, wird der Button aktiv und Sie k\\u00f6nnen Ihre Empfehlung an Facebook senden. Schon beim Aktivieren werden Daten an Dritte \\u00fcbertragen - siehe <em>i<\\\/em>.\",\"perma_option\":\"off\",\"action\":\"recommend\",\"language\":\"de_DE\"},\"twitter\":{\"reply_to\":\"\",\"tweet_text\":\"%20Piraten%20im%20Kriegsministerium%20%C2%BB%20Burks%27%20Blog%20-%20in%20dubio%20pro%20contra.%20De%20omnibus%20...\",\"status\":\"on\",\"txt_info\":\"2 Klicks f\\u00fcr mehr Datenschutz: Erst wenn Sie hier klicken, wird der Button aktiv und Sie k\\u00f6nnen Ihre Empfehlung an Twitter senden. Schon beim Aktivieren werden Daten an Dritte \\u00fcbertragen - siehe <em>i<\\\/em>.\",\"perma_option\":\"off\",\"language\":\"de\",\"referrer_track\":\"\"}},\"txt_help\":\"Wenn Sie diese Felder durch einen Klick aktivieren, werden Informationen an Facebook, Twitter, Flattr, Xing, t3n, LinkedIn, Pinterest oder Google eventuell ins Ausland \\u00fcbertragen und unter Umst\\u00e4nden auch dort gespeichert. N\\u00e4heres erfahren Sie durch einen Klick auf das <em>i<\\\/em>.\",\"settings_perma\":\"Dauerhaft aktivieren und Daten\\u00fcber-tragung zustimmen:\",\"info_link\":\"http:\\\/\\\/www.heise.de\\\/ct\\\/artikel\\\/2-Klicks-fuer-mehr-Datenschutz-1333879.html\",\"uri\":\"https:\\\/\\\/www.burks.de\\\/burksblog\\\/2012\\\/05\\\/25\\\/piraten-im-kriegsministerium\",\"post_id\":14287,\"post_title_referrer_track\":\"Piraten+im+Kriegsministerium\",\"display_infobox\":\"on\"});}});\n\/* ]]> *\/<\/script><\/div>","protected":false},"excerpt":{"rendered":"<p>Eine sehr h\u00fcbsche Verschw\u00f6rungstheorie habe ich in einer Mailingliste der Piraten gelesen: &#8222;Frage: Warum w\u00e4hlt man jemand zum Bundesvorsitzenden der offenbar weder ein Problem damit hat f\u00fcrs Kriegsministerium zu arbeiten, noch es in irgendeiner Weise unangebracht findet sich mit einem der gr\u00f6\u00dften Kriegsverbrecher der vergangenen Jahrzenhnte zum Plausch zu treffen?&#8220; Laut Spiegel-Artikel scheint Schl\u00f6mer ja [&hellip;]<\/p>\n","protected":false},"author":1,"featured_media":0,"comment_status":"open","ping_status":"open","sticky":false,"template":"","format":"standard","meta":{"footnotes":""},"categories":[15],"tags":[],"class_list":["post-14287","post","type-post","status-publish","format-standard","hentry","category-politics"],"_links":{"self":[{"href":"https:\/\/www.burks.de\/burksblog\/wp-json\/wp\/v2\/posts\/14287","targetHints":{"allow":["GET"]}}],"collection":[{"href":"https:\/\/www.burks.de\/burksblog\/wp-json\/wp\/v2\/posts"}],"about":[{"href":"https:\/\/www.burks.de\/burksblog\/wp-json\/wp\/v2\/types\/post"}],"author":[{"embeddable":true,"href":"https:\/\/www.burks.de\/burksblog\/wp-json\/wp\/v2\/users\/1"}],"replies":[{"embeddable":true,"href":"https:\/\/www.burks.de\/burksblog\/wp-json\/wp\/v2\/comments?post=14287"}],"version-history":[{"count":7,"href":"https:\/\/www.burks.de\/burksblog\/wp-json\/wp\/v2\/posts\/14287\/revisions"}],"predecessor-version":[{"id":14294,"href":"https:\/\/www.burks.de\/burksblog\/wp-json\/wp\/v2\/posts\/14287\/revisions\/14294"}],"wp:attachment":[{"href":"https:\/\/www.burks.de\/burksblog\/wp-json\/wp\/v2\/media?parent=14287"}],"wp:term":[{"taxonomy":"category","embeddable":true,"href":"https:\/\/www.burks.de\/burksblog\/wp-json\/wp\/v2\/categories?post=14287"},{"taxonomy":"post_tag","embeddable":true,"href":"https:\/\/www.burks.de\/burksblog\/wp-json\/wp\/v2\/tags?post=14287"}],"curies":[{"name":"wp","href":"https:\/\/api.w.org\/{rel}","templated":true}]}}