{"id":14043,"date":"2012-04-27T12:05:07","date_gmt":"2012-04-27T11:05:07","guid":{"rendered":"http:\/\/www.burks.de\/burksblog\/?p=14043"},"modified":"2012-04-27T12:21:23","modified_gmt":"2012-04-27T11:21:23","slug":"holocaust-leugner-befurworter","status":"publish","type":"post","link":"https:\/\/www.burks.de\/burksblog\/2012\/04\/27\/holocaust-leugner-befurworter","title":{"rendered":"&#8222;Holocaust-Leugner-Bef\u00fcrworter&#8220;?"},"content":{"rendered":"<p><a href=\"http:\/\/www.burks.de\/burksblog\/pix\/2012\/04\/270412_1gr.jpg\"><img decoding=\"async\" src=\"http:\/\/www.burks.de\/burksblog\/pix\/2012\/04\/270412_1kl.jpg\" alt=\"shoa\" border=\"0\" hspace=\"0\" vspace=\"0\" width=\"480\" \/><\/a><\/p>\n<p align=left>&#8222;So wie der Niedersachse <a href=\"http:\/\/juergenmeyer.blogger.de\/stories\/2040107\/\">Carsten Schulz<\/a>, der die Leugnung des Holocaust nicht als Straftat sieht&#8220; &#8211; so formuliert <a href=\"http:\/\/www.spiegel.de\/politik\/deutschland\/0,1518,829642,00.html\">Spiegel Online<\/a> suggestiv \u00fcber den bevorstehenden Bundesparteitag der Piraten.<\/p>\n<p>&#8222;Holocaust-Leugner-Bef\u00fcrworter&#8220; heisst es beim Blogger J\u00fcrgen Meyer. D\u00e4mlicher kann man es nicht ausdr\u00fccken. <\/p>\n<p>So geht die typische Diffamierung \u00e0 al Mainstream-Medien. Wer eine andre Meinung hat als der gef\u00fchlte <i>common sense<\/i> der Lichterketten-Tr\u00e4ger, der wird in die N\u00e4he der kackbraunen Kameraden ger\u00fcckt.<\/p>\n<p>Ich bin daf\u00fcr, dass es nicht mehr strafbar sein soll, die Shoa zu leugnen. Und ich bin dabei <a href=\"http:\/\/www.burks.de\/burksblog\/2009\/11\/01\/3813\">in guter Gesellschaft<\/a> mit Henryk M. Broder und zahlreichen Juristen wie Wolfgang Hoffmann-Riem, einem ehemaligen Rchter am Bundesverfassungsgericht. <\/p>\n<p>Nun k\u00f6nnt ihr mich auch diffamieren, ihr Pappnasen bei Spiegel Online.<\/p>\n<div class=\"pdfprnt-buttons pdfprnt-buttons-post pdfprnt-bottom-right\"><a href=\"https:\/\/www.burks.de\/burksblog\/wp-json\/wp\/v2\/posts\/14043?print=pdf\" class=\"pdfprnt-button pdfprnt-button-pdf\" target=\"_blank\" ><img decoding=\"async\" src=\"https:\/\/www.burks.de\/burksblog\/wp-content\/plugins\/pdf-print\/images\/pdf.png\" alt=\"image_pdf\" title=\"PDF anzeigen\" \/><\/a><a href=\"https:\/\/www.burks.de\/burksblog\/wp-json\/wp\/v2\/posts\/14043?print=print\" class=\"pdfprnt-button pdfprnt-button-print\" target=\"_blank\" ><img decoding=\"async\" src=\"https:\/\/www.burks.de\/burksblog\/wp-content\/plugins\/pdf-print\/images\/print.png\" alt=\"image_print\" title=\"Inhalt drucken\" \/><\/a><\/div><div class=\"twoclick_social_bookmarks_post_14043 social_share_privacy clearfix 1.6.4 locale-de_DE sprite-de_DE\"><\/div><div class=\"twoclick-js\"><script type=\"text\/javascript\">\/* <![CDATA[ *\/\njQuery(document).ready(function($){if($('.twoclick_social_bookmarks_post_14043')){$('.twoclick_social_bookmarks_post_14043').socialSharePrivacy({\"services\":{\"facebook\":{\"status\":\"on\",\"txt_info\":\"2 Klicks f\\u00fcr mehr Datenschutz: Erst wenn Sie hier klicken, wird der Button aktiv und Sie k\\u00f6nnen Ihre Empfehlung an Facebook senden. Schon beim Aktivieren werden Daten an Dritte \\u00fcbertragen - siehe <em>i<\\\/em>.\",\"perma_option\":\"off\",\"action\":\"recommend\",\"language\":\"de_DE\"},\"twitter\":{\"reply_to\":\"\",\"tweet_text\":\"%20%E2%80%9EHolocaust-Leugner-Bef%C3%BCrworter%E2%80%9C%3F%20%C2%BB%20Burks%27%20Blog%20-%20in%20dubio%20pro%20...\",\"status\":\"on\",\"txt_info\":\"2 Klicks f\\u00fcr mehr Datenschutz: Erst wenn Sie hier klicken, wird der Button aktiv und Sie k\\u00f6nnen Ihre Empfehlung an Twitter senden. Schon beim Aktivieren werden Daten an Dritte \\u00fcbertragen - siehe <em>i<\\\/em>.\",\"perma_option\":\"off\",\"language\":\"de\",\"referrer_track\":\"\"}},\"txt_help\":\"Wenn Sie diese Felder durch einen Klick aktivieren, werden Informationen an Facebook, Twitter, Flattr, Xing, t3n, LinkedIn, Pinterest oder Google eventuell ins Ausland \\u00fcbertragen und unter Umst\\u00e4nden auch dort gespeichert. N\\u00e4heres erfahren Sie durch einen Klick auf das <em>i<\\\/em>.\",\"settings_perma\":\"Dauerhaft aktivieren und Daten\\u00fcber-tragung zustimmen:\",\"info_link\":\"http:\\\/\\\/www.heise.de\\\/ct\\\/artikel\\\/2-Klicks-fuer-mehr-Datenschutz-1333879.html\",\"uri\":\"https:\\\/\\\/www.burks.de\\\/burksblog\\\/2012\\\/04\\\/27\\\/holocaust-leugner-befurworter\",\"post_id\":14043,\"post_title_referrer_track\":\"%26%238222%3BHolocaust-Leugner-Bef%C3%BCrworter%26%238220%3B%3F\",\"display_infobox\":\"on\"});}});\n\/* ]]> *\/<\/script><\/div>","protected":false},"excerpt":{"rendered":"<p>&#8222;So wie der Niedersachse Carsten Schulz, der die Leugnung des Holocaust nicht als Straftat sieht&#8220; &#8211; so formuliert Spiegel Online suggestiv \u00fcber den bevorstehenden Bundesparteitag der Piraten. &#8222;Holocaust-Leugner-Bef\u00fcrworter&#8220; heisst es beim Blogger J\u00fcrgen Meyer. D\u00e4mlicher kann man es nicht ausdr\u00fccken. So geht die typische Diffamierung \u00e0 al Mainstream-Medien. Wer eine andre Meinung hat als der [&hellip;]<\/p>\n","protected":false},"author":1,"featured_media":0,"comment_status":"open","ping_status":"open","sticky":false,"template":"","format":"standard","meta":{"footnotes":""},"categories":[23,15],"tags":[],"class_list":["post-14043","post","type-post","status-publish","format-standard","hentry","category-media","category-politics"],"_links":{"self":[{"href":"https:\/\/www.burks.de\/burksblog\/wp-json\/wp\/v2\/posts\/14043","targetHints":{"allow":["GET"]}}],"collection":[{"href":"https:\/\/www.burks.de\/burksblog\/wp-json\/wp\/v2\/posts"}],"about":[{"href":"https:\/\/www.burks.de\/burksblog\/wp-json\/wp\/v2\/types\/post"}],"author":[{"embeddable":true,"href":"https:\/\/www.burks.de\/burksblog\/wp-json\/wp\/v2\/users\/1"}],"replies":[{"embeddable":true,"href":"https:\/\/www.burks.de\/burksblog\/wp-json\/wp\/v2\/comments?post=14043"}],"version-history":[{"count":4,"href":"https:\/\/www.burks.de\/burksblog\/wp-json\/wp\/v2\/posts\/14043\/revisions"}],"predecessor-version":[{"id":14047,"href":"https:\/\/www.burks.de\/burksblog\/wp-json\/wp\/v2\/posts\/14043\/revisions\/14047"}],"wp:attachment":[{"href":"https:\/\/www.burks.de\/burksblog\/wp-json\/wp\/v2\/media?parent=14043"}],"wp:term":[{"taxonomy":"category","embeddable":true,"href":"https:\/\/www.burks.de\/burksblog\/wp-json\/wp\/v2\/categories?post=14043"},{"taxonomy":"post_tag","embeddable":true,"href":"https:\/\/www.burks.de\/burksblog\/wp-json\/wp\/v2\/tags?post=14043"}],"curies":[{"name":"wp","href":"https:\/\/api.w.org\/{rel}","templated":true}]}}