{"id":1389,"date":"2008-12-04T12:06:02","date_gmt":"2008-12-04T10:06:02","guid":{"rendered":"http:\/\/www.burks.de\/burksblog\/?p=1389"},"modified":"2008-12-04T12:06:21","modified_gmt":"2008-12-04T10:06:21","slug":"leckere-piltz-gerichte","status":"publish","type":"post","link":"https:\/\/www.burks.de\/burksblog\/2008\/12\/04\/leckere-piltz-gerichte","title":{"rendered":"Leckere Piltz-Gerichte"},"content":{"rendered":"<p>Zwei Mal Gisela Piltz (FDP D\u00fcsseldorf):<\/p>\n<p>1. <a href=\"http:\/\/www.gisela-piltz.de\/?wc_c=5833&#038;wc_lkm=956&#038;id=11546&#038;suche=Piltz,%20Gisela\">Pressemitteilung<\/a> am 03.12: &#8220; K\u00fcnftig darf das BKA in Patientenakten herumschn\u00fcffeln und \u00c4rzte m\u00fcssen Auskunft \u00fcber h\u00f6chst sensible Gesundheitsdaten ihrer Patienten geben. Journalisten k\u00f6nnen Informanten keine Vertraulichkeit mehr zusichern. Die Polizei h\u00f6rt mit, liest E-Mails und zapft Telefone in den Redaktionen an. Die Pressefreiheit wird in unertr\u00e4glichem Ma\u00dfe ausgeh\u00f6hlt. Einigkeit besteht in der so genannten Gro\u00dfen Koalition nur noch bei der Einschr\u00e4nkung der Grundrechte. Der unantastbare Kernbereich privater Lebensgestaltung steht nach dem BKA-Gesetz nur noch auf dem Papier, auf dem das Verfassungsgericht seine Urteile schreibt. \u00dcber den eigentlichen Dammbruch wurde nicht einmal verhandelt, dass n\u00e4mlich das BKA k\u00fcnftig Daten auch dann erheben darf, wenn schon vorher bekannt ist, dass der Kernbereich verletzt wird. Dass nun zus\u00e4tzlich zu zwei Beamten des BKA und dem Datenschutzbeauftragten des BKA noch eine weitere Person, wenn diese auch ein Richter ist, die Daten erst einmal auswertet, kann nicht einmal bei wohlwollender Auslegung als Fortschritt f\u00fcr die Grundrechte angesehen werden. Immer noch sehen drei Beamte der Ermittlungsbeh\u00f6rde die privatesten Daten, immer noch wird die Menschenw\u00fcrde ausgerechnet von denen verletzt, die am wenigsten objektiv sind.&#8220; [<a href=\"http:\/\/www.gisela-piltz.de\/?wc_c=5833&#038;wc_lkm=956&#038;id=11546&#038;suche=Piltz,%20Gisela\">mehr&#8230;<\/a>]<\/p>\n<p>2. Laut <a href=\"http:\/\/www.berlinonline.de\/berliner-zeitung\/archiv\/.bin\/dump.fcgi\/2008\/1203\/politik\/0064\/index.html\">Berliner Zeitung<\/a> vom 03.12.: &#8222;Die innenpolitische Sprecherin der FDP-Bundestagsfraktion, Gisela Piltz, kritisierte die Erhebung. &#8218;Aus der Antwort der Bundesregierung geht nicht hervor, in wie vielen F\u00e4llen die Speicherungspflicht von entscheidender Bedeutung f\u00fcr den Ermittlungserfolg war&#8216;, sagte Piltz. &#8218;Die Angaben reichen nicht aus, um die Vorratsdatenspeicherung zu begr\u00fcnden.&#8216; Deshalb werde nach ihrer \u00dcberzeugung das Bundesverfassungsgericht mit diesen Angaben die Vorratsdatenspeicherung aufheben.&#8220; [<a href=\"http:\/\/www.berlinonline.de\/berliner-zeitung\/archiv\/.bin\/dump.fcgi\/2008\/1203\/politik\/0064\/index.html\">mehr&#8230;<\/a>]<\/p>\n<div class=\"pdfprnt-buttons pdfprnt-buttons-post pdfprnt-bottom-right\"><a href=\"https:\/\/www.burks.de\/burksblog\/wp-json\/wp\/v2\/posts\/1389?print=pdf\" class=\"pdfprnt-button pdfprnt-button-pdf\" target=\"_blank\" ><img decoding=\"async\" src=\"https:\/\/www.burks.de\/burksblog\/wp-content\/plugins\/pdf-print\/images\/pdf.png\" alt=\"image_pdf\" title=\"PDF anzeigen\" \/><\/a><a href=\"https:\/\/www.burks.de\/burksblog\/wp-json\/wp\/v2\/posts\/1389?print=print\" class=\"pdfprnt-button pdfprnt-button-print\" target=\"_blank\" ><img decoding=\"async\" src=\"https:\/\/www.burks.de\/burksblog\/wp-content\/plugins\/pdf-print\/images\/print.png\" alt=\"image_print\" title=\"Inhalt drucken\" \/><\/a><\/div><div class=\"twoclick_social_bookmarks_post_1389 social_share_privacy clearfix 1.6.4 locale-de_DE sprite-de_DE\"><\/div><div class=\"twoclick-js\"><script type=\"text\/javascript\">\/* <![CDATA[ *\/\njQuery(document).ready(function($){if($('.twoclick_social_bookmarks_post_1389')){$('.twoclick_social_bookmarks_post_1389').socialSharePrivacy({\"services\":{\"facebook\":{\"status\":\"on\",\"txt_info\":\"2 Klicks f\\u00fcr mehr Datenschutz: Erst wenn Sie hier klicken, wird der Button aktiv und Sie k\\u00f6nnen Ihre Empfehlung an Facebook senden. Schon beim Aktivieren werden Daten an Dritte \\u00fcbertragen - siehe <em>i<\\\/em>.\",\"perma_option\":\"off\",\"action\":\"recommend\",\"language\":\"de_DE\"},\"twitter\":{\"reply_to\":\"\",\"tweet_text\":\"%20Leckere%20Piltz-Gerichte%20%C2%BB%20Burks%27%20Blog%20-%20in%20dubio%20pro%20contra.%20De%20omnibus%20...\",\"status\":\"on\",\"txt_info\":\"2 Klicks f\\u00fcr mehr Datenschutz: Erst wenn Sie hier klicken, wird der Button aktiv und Sie k\\u00f6nnen Ihre Empfehlung an Twitter senden. Schon beim Aktivieren werden Daten an Dritte \\u00fcbertragen - siehe <em>i<\\\/em>.\",\"perma_option\":\"off\",\"language\":\"de\",\"referrer_track\":\"\"}},\"txt_help\":\"Wenn Sie diese Felder durch einen Klick aktivieren, werden Informationen an Facebook, Twitter, Flattr, Xing, t3n, LinkedIn, Pinterest oder Google eventuell ins Ausland \\u00fcbertragen und unter Umst\\u00e4nden auch dort gespeichert. N\\u00e4heres erfahren Sie durch einen Klick auf das <em>i<\\\/em>.\",\"settings_perma\":\"Dauerhaft aktivieren und Daten\\u00fcber-tragung zustimmen:\",\"info_link\":\"http:\\\/\\\/www.heise.de\\\/ct\\\/artikel\\\/2-Klicks-fuer-mehr-Datenschutz-1333879.html\",\"uri\":\"https:\\\/\\\/www.burks.de\\\/burksblog\\\/2008\\\/12\\\/04\\\/leckere-piltz-gerichte\",\"post_id\":1389,\"post_title_referrer_track\":\"Leckere+Piltz-Gerichte\",\"display_infobox\":\"on\"});}});\n\/* ]]> *\/<\/script><\/div>","protected":false},"excerpt":{"rendered":"<p>Zwei Mal Gisela Piltz (FDP D\u00fcsseldorf): 1. Pressemitteilung am 03.12: &#8220; K\u00fcnftig darf das BKA in Patientenakten herumschn\u00fcffeln und \u00c4rzte m\u00fcssen Auskunft \u00fcber h\u00f6chst sensible Gesundheitsdaten ihrer Patienten geben. Journalisten k\u00f6nnen Informanten keine Vertraulichkeit mehr zusichern. Die Polizei h\u00f6rt mit, liest E-Mails und zapft Telefone in den Redaktionen an. Die Pressefreiheit wird in unertr\u00e4glichem Ma\u00dfe [&hellip;]<\/p>\n","protected":false},"author":1,"featured_media":0,"comment_status":"open","ping_status":"open","sticky":false,"template":"","format":"standard","meta":{"footnotes":""},"categories":[15,31],"tags":[],"class_list":["post-1389","post","type-post","status-publish","format-standard","hentry","category-politics","category-protect-your-privacy"],"_links":{"self":[{"href":"https:\/\/www.burks.de\/burksblog\/wp-json\/wp\/v2\/posts\/1389","targetHints":{"allow":["GET"]}}],"collection":[{"href":"https:\/\/www.burks.de\/burksblog\/wp-json\/wp\/v2\/posts"}],"about":[{"href":"https:\/\/www.burks.de\/burksblog\/wp-json\/wp\/v2\/types\/post"}],"author":[{"embeddable":true,"href":"https:\/\/www.burks.de\/burksblog\/wp-json\/wp\/v2\/users\/1"}],"replies":[{"embeddable":true,"href":"https:\/\/www.burks.de\/burksblog\/wp-json\/wp\/v2\/comments?post=1389"}],"version-history":[{"count":2,"href":"https:\/\/www.burks.de\/burksblog\/wp-json\/wp\/v2\/posts\/1389\/revisions"}],"predecessor-version":[{"id":1391,"href":"https:\/\/www.burks.de\/burksblog\/wp-json\/wp\/v2\/posts\/1389\/revisions\/1391"}],"wp:attachment":[{"href":"https:\/\/www.burks.de\/burksblog\/wp-json\/wp\/v2\/media?parent=1389"}],"wp:term":[{"taxonomy":"category","embeddable":true,"href":"https:\/\/www.burks.de\/burksblog\/wp-json\/wp\/v2\/categories?post=1389"},{"taxonomy":"post_tag","embeddable":true,"href":"https:\/\/www.burks.de\/burksblog\/wp-json\/wp\/v2\/tags?post=1389"}],"curies":[{"name":"wp","href":"https:\/\/api.w.org\/{rel}","templated":true}]}}