{"id":13841,"date":"2012-04-05T09:52:57","date_gmt":"2012-04-05T08:52:57","guid":{"rendered":"http:\/\/www.burks.de\/burksblog\/?p=13841"},"modified":"2012-04-05T12:13:39","modified_gmt":"2012-04-05T11:13:39","slug":"ethnische-erscheinung-hamitisch","status":"publish","type":"post","link":"https:\/\/www.burks.de\/burksblog\/2012\/04\/05\/ethnische-erscheinung-hamitisch","title":{"rendered":"Ethnische Erscheinung: Hamitisch"},"content":{"rendered":"<p><a href=\"http:\/\/theaterkontakte.de\/profil\/saralisa_volm\/drucken.html\"><img decoding=\"async\" src=\"http:\/\/www.burks.de\/burksblog\/pix\/2012\/04\/050412_1.jpg\" alt=\"v\u00f6lkisch\" border=\"1\" hspace=\"0\" vspace=\"0\" width=\"480\" \/><\/a><\/p>\n<p align=left>Es ist immer wieder lustig anzusehen, wo das V\u00f6lkische bei den Deutschen hervorkriecht. <\/p>\n<p>&#8222;<a href=\"http:\/\/de.wikipedia.org\/wiki\/Ethnie\">Ethnisch<\/a>&#8220; ist nichts anderes als pseudomodernes Neusprech f\u00fcr &#8222;v\u00f6lkisch&#8220;. Eine Ethnie ist ein Volk. Da das V\u00f6lkische ein wenig in Verruf geraten ist durch die Nazis, sagt man das heute anders &#8211; au\u00dfer man geh\u00f6rt zu den reaktion\u00e4ren Lichterkettentr\u00e4gern und besch\u00e4ftigt sich mit den &#8222;<a href=\"http:\/\/de.wikipedia.org\/wiki\/Gesellschaft_f%C3%BCr_bedrohte_V%C3%B6lker\">bedrohten V\u00f6lkern<\/a>&#8222;, denen die Bundeswehr &#8222;helfen&#8220; m\u00fcsse, um die Handelswege am Hindukusch und auch anderswo freizuhalten. <\/p>\n<p>&#8222;Das griechische Wort \u00e9thnos beschreibt die Abgrenzung durch Selbst- und <a href=\"http:\/\/de.wikipedia.org\/wiki\/N%C3%BCrnberger_Gesetze\">Fremdzuweisung<\/a>&#8222;. Quod erat demonstrandum. <\/p>\n<p>Man darf gespannt sein, wie <a href=\"http:\/\/theaterkontakte.de\/impressum.php\">TheaterKontakte.de<\/a> eine afrodeutsche Schauspielerin beschreiben w\u00fcrde. &#8222;Ethnische Escheinung: <a href=\"http:\/\/de.wikipedia.org\/wiki\/Hamitentheorie\">Hamitisch<\/a>? &#8222;Arisch&#8220; f\u00fcr Inder und Afghanen, und was ist mit der Ph\u00e4notypie der &#8222;Ethnien&#8220; der Pal\u00e4stinensern, Tuareg und Tibetern? Und die Langnasen sind Juden?<\/p>\n<p>&#8222;Ethnische Erscheinung mitteleurop\u00e4ischer Raum&#8220; ist nat\u00fcrlich ein verbales Kost\u00fcm der <a href=\"http:\/\/de.wikipedia.org\/wiki\/Kaukasische_Rasse\">kaukasischen Rasse<\/a>. Kratzt man ein wenig am ethnischen Firnis der Sprache, dann wird es sehr schnell dunkelbraun. <\/p>\n<p>Es w\u00fcrde mich aber nicht wundern, die rassistischen Termini sogar in deutschen <a href=\"http:\/\/www.burks.de\/forum\/phpBB2\/viewtopic.php?t=3959\">Schulb\u00fcchern<\/a> vorzufinden. Bei <a href=\"http:\/\/www2.klett.de\/sixcms\/list.php?page=lexikon_suchergebnis_artikel&#038;extra=Terra-online&#038;inhalt=&#038;mytitle=Geographie%20Lexikon&#038;titelfamilie=&#038;artikel_id=143236\">Klett<\/a> haben wir ohnehin Rassismus pur. Die schlagen gleich &#8222;negrid&#8220; vor. Deutsche Lehrer beschweren sich \u00fcber so etwas nicht.<\/p>\n<div class=\"pdfprnt-buttons pdfprnt-buttons-post pdfprnt-bottom-right\"><a href=\"https:\/\/www.burks.de\/burksblog\/wp-json\/wp\/v2\/posts\/13841?print=pdf\" class=\"pdfprnt-button pdfprnt-button-pdf\" target=\"_blank\" ><img decoding=\"async\" src=\"https:\/\/www.burks.de\/burksblog\/wp-content\/plugins\/pdf-print\/images\/pdf.png\" alt=\"image_pdf\" title=\"PDF anzeigen\" \/><\/a><a href=\"https:\/\/www.burks.de\/burksblog\/wp-json\/wp\/v2\/posts\/13841?print=print\" class=\"pdfprnt-button pdfprnt-button-print\" target=\"_blank\" ><img decoding=\"async\" src=\"https:\/\/www.burks.de\/burksblog\/wp-content\/plugins\/pdf-print\/images\/print.png\" alt=\"image_print\" title=\"Inhalt drucken\" \/><\/a><\/div><div class=\"twoclick_social_bookmarks_post_13841 social_share_privacy clearfix 1.6.4 locale-de_DE sprite-de_DE\"><\/div><div class=\"twoclick-js\"><script type=\"text\/javascript\">\/* <![CDATA[ *\/\njQuery(document).ready(function($){if($('.twoclick_social_bookmarks_post_13841')){$('.twoclick_social_bookmarks_post_13841').socialSharePrivacy({\"services\":{\"facebook\":{\"status\":\"on\",\"txt_info\":\"2 Klicks f\\u00fcr mehr Datenschutz: Erst wenn Sie hier klicken, wird der Button aktiv und Sie k\\u00f6nnen Ihre Empfehlung an Facebook senden. Schon beim Aktivieren werden Daten an Dritte \\u00fcbertragen - siehe <em>i<\\\/em>.\",\"perma_option\":\"off\",\"action\":\"recommend\",\"language\":\"de_DE\"},\"twitter\":{\"reply_to\":\"\",\"tweet_text\":\"%20Ethnische%20Erscheinung%3A%20Hamitisch%20%C2%BB%20Burks%27%20Blog%20-%20in%20dubio%20pro%20contra.%20De%20...\",\"status\":\"on\",\"txt_info\":\"2 Klicks f\\u00fcr mehr Datenschutz: Erst wenn Sie hier klicken, wird der Button aktiv und Sie k\\u00f6nnen Ihre Empfehlung an Twitter senden. Schon beim Aktivieren werden Daten an Dritte \\u00fcbertragen - siehe <em>i<\\\/em>.\",\"perma_option\":\"off\",\"language\":\"de\",\"referrer_track\":\"\"}},\"txt_help\":\"Wenn Sie diese Felder durch einen Klick aktivieren, werden Informationen an Facebook, Twitter, Flattr, Xing, t3n, LinkedIn, Pinterest oder Google eventuell ins Ausland \\u00fcbertragen und unter Umst\\u00e4nden auch dort gespeichert. N\\u00e4heres erfahren Sie durch einen Klick auf das <em>i<\\\/em>.\",\"settings_perma\":\"Dauerhaft aktivieren und Daten\\u00fcber-tragung zustimmen:\",\"info_link\":\"http:\\\/\\\/www.heise.de\\\/ct\\\/artikel\\\/2-Klicks-fuer-mehr-Datenschutz-1333879.html\",\"uri\":\"https:\\\/\\\/www.burks.de\\\/burksblog\\\/2012\\\/04\\\/05\\\/ethnische-erscheinung-hamitisch\",\"post_id\":13841,\"post_title_referrer_track\":\"Ethnische+Erscheinung%3A+Hamitisch\",\"display_infobox\":\"on\"});}});\n\/* ]]> *\/<\/script><\/div>","protected":false},"excerpt":{"rendered":"<p>Es ist immer wieder lustig anzusehen, wo das V\u00f6lkische bei den Deutschen hervorkriecht. &#8222;Ethnisch&#8220; ist nichts anderes als pseudomodernes Neusprech f\u00fcr &#8222;v\u00f6lkisch&#8220;. Eine Ethnie ist ein Volk. Da das V\u00f6lkische ein wenig in Verruf geraten ist durch die Nazis, sagt man das heute anders &#8211; au\u00dfer man geh\u00f6rt zu den reaktion\u00e4ren Lichterkettentr\u00e4gern und besch\u00e4ftigt sich [&hellip;]<\/p>\n","protected":false},"author":1,"featured_media":0,"comment_status":"open","ping_status":"open","sticky":false,"template":"","format":"standard","meta":{"footnotes":""},"categories":[16,15,17],"tags":[],"class_list":["post-13841","post","type-post","status-publish","format-standard","hentry","category-panorama","category-politics","category-science"],"_links":{"self":[{"href":"https:\/\/www.burks.de\/burksblog\/wp-json\/wp\/v2\/posts\/13841","targetHints":{"allow":["GET"]}}],"collection":[{"href":"https:\/\/www.burks.de\/burksblog\/wp-json\/wp\/v2\/posts"}],"about":[{"href":"https:\/\/www.burks.de\/burksblog\/wp-json\/wp\/v2\/types\/post"}],"author":[{"embeddable":true,"href":"https:\/\/www.burks.de\/burksblog\/wp-json\/wp\/v2\/users\/1"}],"replies":[{"embeddable":true,"href":"https:\/\/www.burks.de\/burksblog\/wp-json\/wp\/v2\/comments?post=13841"}],"version-history":[{"count":6,"href":"https:\/\/www.burks.de\/burksblog\/wp-json\/wp\/v2\/posts\/13841\/revisions"}],"predecessor-version":[{"id":13849,"href":"https:\/\/www.burks.de\/burksblog\/wp-json\/wp\/v2\/posts\/13841\/revisions\/13849"}],"wp:attachment":[{"href":"https:\/\/www.burks.de\/burksblog\/wp-json\/wp\/v2\/media?parent=13841"}],"wp:term":[{"taxonomy":"category","embeddable":true,"href":"https:\/\/www.burks.de\/burksblog\/wp-json\/wp\/v2\/categories?post=13841"},{"taxonomy":"post_tag","embeddable":true,"href":"https:\/\/www.burks.de\/burksblog\/wp-json\/wp\/v2\/tags?post=13841"}],"curies":[{"name":"wp","href":"https:\/\/api.w.org\/{rel}","templated":true}]}}