{"id":13825,"date":"2012-04-04T09:41:15","date_gmt":"2012-04-04T08:41:15","guid":{"rendered":"http:\/\/www.burks.de\/burksblog\/?p=13825"},"modified":"2012-04-04T09:42:16","modified_gmt":"2012-04-04T08:42:16","slug":"logorrhoeischen-explosion","status":"publish","type":"post","link":"https:\/\/www.burks.de\/burksblog\/2012\/04\/04\/logorrhoeischen-explosion","title":{"rendered":"Logorrhoeischen Explosion"},"content":{"rendered":"<p>Zu <a href=\"http:\/\/www.sueddeutsche.de\/n5J388\/557180\/Was-gesagt-werden-muss.html\">Grass<\/a> \u00fcber Israel lese ich <a href=\"http:\/\/www.welt.de\/kultur\/literarischewelt\/article106152894\/Guenter-Grass-Nicht-ganz-dicht-aber-ein-Dichter.html\">Broder<\/a>: &#8222;Grass hat schon immer zu Gr\u00f6\u00dfenwahn geneigt, nun aber ist er vollkommen durchgeknallt. (&#8230;)<\/p>\n<p>Grass ist der Prototyp des gebildeten Antisemiten, der es mit den Juden gut meint. Von Schuld- und Schamgef\u00fchlen verfolgt und zugleich von dem Wunsch getrieben, Geschichte zu verrechnen, tritt er nun an, den &#8218;Verursacher der erkennbaren Gefahr&#8216; zu entwaffnen.<\/p>\n<p>Die Deutschen werden den Juden nie verzeihen, was sie ihnen angetan haben.&#8220;<\/p>\n<div class=\"pdfprnt-buttons pdfprnt-buttons-post pdfprnt-bottom-right\"><a href=\"https:\/\/www.burks.de\/burksblog\/wp-json\/wp\/v2\/posts\/13825?print=pdf\" class=\"pdfprnt-button pdfprnt-button-pdf\" target=\"_blank\" ><img decoding=\"async\" src=\"https:\/\/www.burks.de\/burksblog\/wp-content\/plugins\/pdf-print\/images\/pdf.png\" alt=\"image_pdf\" title=\"PDF anzeigen\" \/><\/a><a href=\"https:\/\/www.burks.de\/burksblog\/wp-json\/wp\/v2\/posts\/13825?print=print\" class=\"pdfprnt-button pdfprnt-button-print\" target=\"_blank\" ><img decoding=\"async\" src=\"https:\/\/www.burks.de\/burksblog\/wp-content\/plugins\/pdf-print\/images\/print.png\" alt=\"image_print\" title=\"Inhalt drucken\" \/><\/a><\/div><div class=\"twoclick_social_bookmarks_post_13825 social_share_privacy clearfix 1.6.4 locale-de_DE sprite-de_DE\"><\/div><div class=\"twoclick-js\"><script type=\"text\/javascript\">\/* <![CDATA[ *\/\njQuery(document).ready(function($){if($('.twoclick_social_bookmarks_post_13825')){$('.twoclick_social_bookmarks_post_13825').socialSharePrivacy({\"services\":{\"facebook\":{\"status\":\"on\",\"txt_info\":\"2 Klicks f\\u00fcr mehr Datenschutz: Erst wenn Sie hier klicken, wird der Button aktiv und Sie k\\u00f6nnen Ihre Empfehlung an Facebook senden. Schon beim Aktivieren werden Daten an Dritte \\u00fcbertragen - siehe <em>i<\\\/em>.\",\"perma_option\":\"off\",\"action\":\"recommend\",\"language\":\"de_DE\"},\"twitter\":{\"reply_to\":\"\",\"tweet_text\":\"%20Logorrhoeischen%20Explosion%20%C2%BB%20Burks%27%20Blog%20-%20in%20dubio%20pro%20contra.%20De%20omnibus%20...\",\"status\":\"on\",\"txt_info\":\"2 Klicks f\\u00fcr mehr Datenschutz: Erst wenn Sie hier klicken, wird der Button aktiv und Sie k\\u00f6nnen Ihre Empfehlung an Twitter senden. Schon beim Aktivieren werden Daten an Dritte \\u00fcbertragen - siehe <em>i<\\\/em>.\",\"perma_option\":\"off\",\"language\":\"de\",\"referrer_track\":\"\"}},\"txt_help\":\"Wenn Sie diese Felder durch einen Klick aktivieren, werden Informationen an Facebook, Twitter, Flattr, Xing, t3n, LinkedIn, Pinterest oder Google eventuell ins Ausland \\u00fcbertragen und unter Umst\\u00e4nden auch dort gespeichert. N\\u00e4heres erfahren Sie durch einen Klick auf das <em>i<\\\/em>.\",\"settings_perma\":\"Dauerhaft aktivieren und Daten\\u00fcber-tragung zustimmen:\",\"info_link\":\"http:\\\/\\\/www.heise.de\\\/ct\\\/artikel\\\/2-Klicks-fuer-mehr-Datenschutz-1333879.html\",\"uri\":\"https:\\\/\\\/www.burks.de\\\/burksblog\\\/2012\\\/04\\\/04\\\/logorrhoeischen-explosion\",\"post_id\":13825,\"post_title_referrer_track\":\"Logorrhoeischen+Explosion\",\"display_infobox\":\"on\"});}});\n\/* ]]> *\/<\/script><\/div>","protected":false},"excerpt":{"rendered":"<p>Zu Grass \u00fcber Israel lese ich Broder: &#8222;Grass hat schon immer zu Gr\u00f6\u00dfenwahn geneigt, nun aber ist er vollkommen durchgeknallt. (&#8230;) Grass ist der Prototyp des gebildeten Antisemiten, der es mit den Juden gut meint. Von Schuld- und Schamgef\u00fchlen verfolgt und zugleich von dem Wunsch getrieben, Geschichte zu verrechnen, tritt er nun an, den &#8218;Verursacher [&hellip;]<\/p>\n","protected":false},"author":1,"featured_media":0,"comment_status":"open","ping_status":"open","sticky":false,"template":"","format":"standard","meta":{"footnotes":""},"categories":[1,15],"tags":[],"class_list":["post-13825","post","type-post","status-publish","format-standard","hentry","category-feuilleton","category-politics"],"_links":{"self":[{"href":"https:\/\/www.burks.de\/burksblog\/wp-json\/wp\/v2\/posts\/13825","targetHints":{"allow":["GET"]}}],"collection":[{"href":"https:\/\/www.burks.de\/burksblog\/wp-json\/wp\/v2\/posts"}],"about":[{"href":"https:\/\/www.burks.de\/burksblog\/wp-json\/wp\/v2\/types\/post"}],"author":[{"embeddable":true,"href":"https:\/\/www.burks.de\/burksblog\/wp-json\/wp\/v2\/users\/1"}],"replies":[{"embeddable":true,"href":"https:\/\/www.burks.de\/burksblog\/wp-json\/wp\/v2\/comments?post=13825"}],"version-history":[{"count":3,"href":"https:\/\/www.burks.de\/burksblog\/wp-json\/wp\/v2\/posts\/13825\/revisions"}],"predecessor-version":[{"id":13828,"href":"https:\/\/www.burks.de\/burksblog\/wp-json\/wp\/v2\/posts\/13825\/revisions\/13828"}],"wp:attachment":[{"href":"https:\/\/www.burks.de\/burksblog\/wp-json\/wp\/v2\/media?parent=13825"}],"wp:term":[{"taxonomy":"category","embeddable":true,"href":"https:\/\/www.burks.de\/burksblog\/wp-json\/wp\/v2\/categories?post=13825"},{"taxonomy":"post_tag","embeddable":true,"href":"https:\/\/www.burks.de\/burksblog\/wp-json\/wp\/v2\/tags?post=13825"}],"curies":[{"name":"wp","href":"https:\/\/api.w.org\/{rel}","templated":true}]}}