{"id":12355,"date":"2011-12-02T23:53:18","date_gmt":"2011-12-02T21:53:18","guid":{"rendered":"http:\/\/www.burks.de\/burksblog\/?p=12355"},"modified":"2011-12-03T20:08:57","modified_gmt":"2011-12-03T18:08:57","slug":"die-anti-terror-luge","status":"publish","type":"post","link":"https:\/\/www.burks.de\/burksblog\/2011\/12\/02\/die-anti-terror-luge","title":{"rendered":"Die Anti-Terror-L\u00fcge"},"content":{"rendered":"<p>Richard Gutjahr hat einen \u00e4u\u00dferst lesenswerten Artikel <a href=\"http:\/\/gutjahr.biz\/blog\/2011\/05\/die-anti-terror-luege\/\">auf seinem Blog<\/a> verfasst (via Fefe ua.):<\/p>\n<p><i>Vorratsdatenspeicherung, Bundestrojaner, Anti-Terror-Gesetze. Noch nie in der Geschichte der Bundesrepublik gab es einen solchen Raubbau an B\u00fcrgerrechten. Ein Blick in die Statistik bringt Erstaunliches zutage: Die sog. \u201eAnti-Terror-Gesetze\u201c werden f\u00fcr alles M\u00f6gliche benutzt, selten aber zur Bek\u00e4mpfung von Terroristen. (&#8230;)&#8220;\u201eDer Gesetzgeber schafft praktisch rechtsfreie R\u00e4ume&#8220;, sagt Thomas Stadler. Selbst das Bundesverfassungsgericht stemme sich nur noch bedingt gegen diese Entwicklung,.. <\/i><\/p>\n<p><img decoding=\"async\" src=\"http:\/\/www.burks.de\/burksblog\/pix\/2011\/12\/lauschangriff.png\" alt=\"Lauschangriff\" border=\"0\" hspace=\"0\" vspace=\"0\" width=\"480\" \/><\/p>\n<p align=left>Nicht zu vergessen den <a href=\"http:\/\/www.bundesjustizamt.de\/cln_108\/nn_258694\/sid_D0A42B2677C68B34961F012D805720C1\/DE\/Themen\/Buergerdienste\/Justizstatistik\/Telekommunikation\/Telekommunikationsueberwachung.html?__nnn=true\">Link<\/a> zu den den Abh\u00f6rstatistiken der letzten Jahre. Lesebefehl, obwohl es zum Gruseln ist!<\/p>\n<div class=\"pdfprnt-buttons pdfprnt-buttons-post pdfprnt-bottom-right\"><a href=\"https:\/\/www.burks.de\/burksblog\/wp-json\/wp\/v2\/posts\/12355?print=pdf\" class=\"pdfprnt-button pdfprnt-button-pdf\" target=\"_blank\" ><img decoding=\"async\" src=\"https:\/\/www.burks.de\/burksblog\/wp-content\/plugins\/pdf-print\/images\/pdf.png\" alt=\"image_pdf\" title=\"PDF anzeigen\" \/><\/a><a href=\"https:\/\/www.burks.de\/burksblog\/wp-json\/wp\/v2\/posts\/12355?print=print\" class=\"pdfprnt-button pdfprnt-button-print\" target=\"_blank\" ><img decoding=\"async\" src=\"https:\/\/www.burks.de\/burksblog\/wp-content\/plugins\/pdf-print\/images\/print.png\" alt=\"image_print\" title=\"Inhalt drucken\" \/><\/a><\/div><div class=\"twoclick_social_bookmarks_post_12355 social_share_privacy clearfix 1.6.4 locale-de_DE sprite-de_DE\"><\/div><div class=\"twoclick-js\"><script type=\"text\/javascript\">\/* <![CDATA[ *\/\njQuery(document).ready(function($){if($('.twoclick_social_bookmarks_post_12355')){$('.twoclick_social_bookmarks_post_12355').socialSharePrivacy({\"services\":{\"facebook\":{\"status\":\"on\",\"txt_info\":\"2 Klicks f\\u00fcr mehr Datenschutz: Erst wenn Sie hier klicken, wird der Button aktiv und Sie k\\u00f6nnen Ihre Empfehlung an Facebook senden. Schon beim Aktivieren werden Daten an Dritte \\u00fcbertragen - siehe <em>i<\\\/em>.\",\"perma_option\":\"off\",\"action\":\"recommend\",\"language\":\"de_DE\"},\"twitter\":{\"reply_to\":\"\",\"tweet_text\":\"%20Die%20Anti-Terror-L%C3%BCge%20%C2%BB%20Burks%27%20Blog%20-%20in%20dubio%20pro%20contra.%20De%20omnibus%20...\",\"status\":\"on\",\"txt_info\":\"2 Klicks f\\u00fcr mehr Datenschutz: Erst wenn Sie hier klicken, wird der Button aktiv und Sie k\\u00f6nnen Ihre Empfehlung an Twitter senden. Schon beim Aktivieren werden Daten an Dritte \\u00fcbertragen - siehe <em>i<\\\/em>.\",\"perma_option\":\"off\",\"language\":\"de\",\"referrer_track\":\"\"}},\"txt_help\":\"Wenn Sie diese Felder durch einen Klick aktivieren, werden Informationen an Facebook, Twitter, Flattr, Xing, t3n, LinkedIn, Pinterest oder Google eventuell ins Ausland \\u00fcbertragen und unter Umst\\u00e4nden auch dort gespeichert. N\\u00e4heres erfahren Sie durch einen Klick auf das <em>i<\\\/em>.\",\"settings_perma\":\"Dauerhaft aktivieren und Daten\\u00fcber-tragung zustimmen:\",\"info_link\":\"http:\\\/\\\/www.heise.de\\\/ct\\\/artikel\\\/2-Klicks-fuer-mehr-Datenschutz-1333879.html\",\"uri\":\"https:\\\/\\\/www.burks.de\\\/burksblog\\\/2011\\\/12\\\/02\\\/die-anti-terror-luge\",\"post_id\":12355,\"post_title_referrer_track\":\"Die+Anti-Terror-L%C3%BCge\",\"display_infobox\":\"on\"});}});\n\/* ]]> *\/<\/script><\/div>","protected":false},"excerpt":{"rendered":"<p>Richard Gutjahr hat einen \u00e4u\u00dferst lesenswerten Artikel auf seinem Blog verfasst (via Fefe ua.): Vorratsdatenspeicherung, Bundestrojaner, Anti-Terror-Gesetze. Noch nie in der Geschichte der Bundesrepublik gab es einen solchen Raubbau an B\u00fcrgerrechten. Ein Blick in die Statistik bringt Erstaunliches zutage: Die sog. \u201eAnti-Terror-Gesetze\u201c werden f\u00fcr alles M\u00f6gliche benutzt, selten aber zur Bek\u00e4mpfung von Terroristen. (&#8230;)&#8220;\u201eDer Gesetzgeber [&hellip;]<\/p>\n","protected":false},"author":1,"featured_media":0,"comment_status":"open","ping_status":"open","sticky":false,"template":"","format":"standard","meta":{"footnotes":""},"categories":[15,31],"tags":[],"class_list":["post-12355","post","type-post","status-publish","format-standard","hentry","category-politics","category-protect-your-privacy"],"_links":{"self":[{"href":"https:\/\/www.burks.de\/burksblog\/wp-json\/wp\/v2\/posts\/12355","targetHints":{"allow":["GET"]}}],"collection":[{"href":"https:\/\/www.burks.de\/burksblog\/wp-json\/wp\/v2\/posts"}],"about":[{"href":"https:\/\/www.burks.de\/burksblog\/wp-json\/wp\/v2\/types\/post"}],"author":[{"embeddable":true,"href":"https:\/\/www.burks.de\/burksblog\/wp-json\/wp\/v2\/users\/1"}],"replies":[{"embeddable":true,"href":"https:\/\/www.burks.de\/burksblog\/wp-json\/wp\/v2\/comments?post=12355"}],"version-history":[{"count":4,"href":"https:\/\/www.burks.de\/burksblog\/wp-json\/wp\/v2\/posts\/12355\/revisions"}],"predecessor-version":[{"id":12364,"href":"https:\/\/www.burks.de\/burksblog\/wp-json\/wp\/v2\/posts\/12355\/revisions\/12364"}],"wp:attachment":[{"href":"https:\/\/www.burks.de\/burksblog\/wp-json\/wp\/v2\/media?parent=12355"}],"wp:term":[{"taxonomy":"category","embeddable":true,"href":"https:\/\/www.burks.de\/burksblog\/wp-json\/wp\/v2\/categories?post=12355"},{"taxonomy":"post_tag","embeddable":true,"href":"https:\/\/www.burks.de\/burksblog\/wp-json\/wp\/v2\/tags?post=12355"}],"curies":[{"name":"wp","href":"https:\/\/api.w.org\/{rel}","templated":true}]}}