{"id":12227,"date":"2011-11-15T14:59:10","date_gmt":"2011-11-15T12:59:10","guid":{"rendered":"http:\/\/www.burks.de\/burksblog\/?p=12227"},"modified":"2011-11-15T15:01:57","modified_gmt":"2011-11-15T13:01:57","slug":"potemkin-last-grusen-2","status":"publish","type":"post","link":"https:\/\/www.burks.de\/burksblog\/2011\/11\/15\/potemkin-last-grusen-2","title":{"rendered":"Potemkin l\u00e4\u00dft gr\u00fc\u00dfen"},"content":{"rendered":"<p>Alles Wirkliche sei vern\u00fcnftig, meinte der deutsche Philosoph Hegel im letzten Jahrhundert. Damals gab es den Verfassungsschutz noch nicht, eine wirklich \u00fcberfl\u00fcssige Beh\u00f6rde mit gef\u00e4hrlichen Wirkungen auf Journalisten und Politiker.<\/p>\n<p>Die Medien werden auf den VS ungern verzichten wollen: Wen sollte man sonst zum Beispiel zum Thema Rechtsextremismus interviewen? Die Journalisten sich gegenseitig? Und von wem sonst sollten sich die Politiker Meinungen zuarbeiten lassen? Der Ruf nach dem Verfassungsschutz, um Neonazis, Drogendealer, Sekten, Russenmafia, organisierte Kriminalit\u00e4t (Zutreffendes bitte ankreuzen) auszuspionieren, ist Wortgeklingel, wenn Politiker zeigen wollen, da\u00df man hart durchgreift.<\/p>\n<p>Doch in Wahrheit hat der VS nicht mehr, sondern weniger Ahnung als die Journalisten. Das kann gar nicht anders sein: Die Beh\u00f6rde beobachtet jene, die sie f\u00fcr die Feinde der Demokratie h\u00e4lt, hat aber keine polizeilichen Befugnisse, darf also zum Beispiel weder Wohnungen durchsuchen noch Briefe \u00f6ffnen. Und was wann und wie genau beobachtet wird, ist eine Frage der politischen Opportunit\u00e4t: Die militante Naziszene wurde erst nach M\u00f6lln und Solingen, Hoyerswerda und Rostock genauer beobachtet. Noch ein Jahr zuvor hatte der VS in seinen Berichten Entwarnung gegeben.<\/p>\n<p>So bleiben der Beh\u00f6rde an Informationsquellen die Zeitungen, Observationen und Spitzelberichte. Die Verfassungssch\u00fctzer informieren sich also vornehmlich bei den Journalisten, die \u00fcber Neonazis schreiben, und werden im Gegenzug von denen zum Thema Rechtsextremismus befragt.<\/p>\n<p>Und die Spitzel? Seitdem es den VS gibt, reiht sich ein Skandal an den anderen. Wozu die Beh\u00f6rde trotz der formal vorhandenen parlamentarischen Kontrolle f\u00e4hig ist, zeigte sich sp\u00e4testens 1978: Die Verfassungssch\u00fctzer sprengten ein Loch in die Mauer der Justizvollzugsanstalt Celle, um eine versuchte Gefangenenbefreiung vorzut\u00e4uschen. Der damalige Abgeordnete J\u00fcrgen Trittin sprach im Landtag von einem &#8222;Lockspitzelsystem&#8220;, mit dem &#8222;keine Straftaten verhindert oder aufgekl\u00e4rt, sondern versucht wurde, Dritte zu Straftaten anzustiften&#8220;.<\/p>\n<p>Genau das passierte auch in der neofaschistischen Szene. Die Neonazi-Partei &#8222;Nationalistische Front&#8220; wurde 1983 mit Geldern aufgebaut, die der Verfassungsschutz dem V-Mann Norbert Schnelle zahlte, der sich nur zum Schein hatte anwerben lassen. Ein V-Mann des nieders\u00e4chsischen Landesamtes, Hans-Dieter Lepzien, baute h\u00f6chstpers\u00f6nlich die Bomben, die Neonazis 1977 vor Justizgeb\u00e4uden plazierten. Der V- Mann Werner Gottwald orderte Maschinenpistolen, Handgranaten und Plastiksprengstoff f\u00fcr die rechte Szene.<\/p>\n<p>1993 bezahlte der VS den V- Mann Michael Wobbe daf\u00fcr, Sicherheitschef der NF zu sein und in deren Namen Neonazi-Kameradschaften aufzubauen. Mehrere Jugendliche wurden in F\u00fcssen verurteilt, weil Wobbe sie aufgehetzt, geschult und sie nach getaner &#8222;Arbeit&#8220; verpfiffen hatte, gem\u00e4\u00df seiner Aufgabe. Der Solinger V- Mann Bernd Schmitt integrierte Jugendliche in die rechte Szene und bildete sie in seiner Kampfsportschule aus, was ohne ihn nicht geschehen w\u00e4re. W\u00e4hrend der nordrhein-westf\u00e4lische VS den Spitzel Schmitt f\u00fcr &#8222;nachrichtenehrlich&#8220; hielt, wurde bekannt, da\u00df der sich seine Kampfsporttitel zusammengelogen hatte. Und Wobbe informierte das nieders\u00e4chsische Landesamt dar\u00fcber, da\u00df die NF schon Wochen vor ihrem Verbot Bescheid wu\u00dfte und alle verf\u00e4nglichen Materialien auslagern konnte. Das hinderte den damaligen Innenminister Seiters nicht daran, mit gro\u00dfem Get\u00f6se und fernsehgerecht das Hauptquartier der Nazipartei st\u00fcrmen zu lassen. Potemkin l\u00e4\u00dft gr\u00fc\u00dfen.<\/p>\n<p>Und wie stark w\u00e4ren die Nazis ohne die vom Staat finanzierten Spitzel? Das alles sind keine Ausrutscher, es hat System. Ein V- Mann bekommt mehr Geld, je mehr und je bessere Informationen er liefert. Mehr Informationen bekommt ein Spitzel, wenn er in der Hierarchie der braunen Szene aufsteigt. Ein guter Spitzel ist ein guter Nazi. Wenn das System der V-M\u00e4nner irgendeinen Sinn erg\u00e4be, w\u00fc\u00dfte der VS mehr \u00fcber die Pl\u00e4ne der militanten Rechten als die Journalisten. Doch das ist nicht der Fall: Noch nie ist eine gewaltt\u00e4tige Aktion verhindert worden, weil der Verfassungsschutz gewarnt h\u00e4tte.<\/p>\n<p>Der Berliner Verfassungsschutz hatte noch nicht einmal einen blassen Schimmer davon, da\u00df mit Kai Diesner ein potentieller Killer in der Stadt herumlief, obwohl der seit einem halben Jahrzehnt politisch aktiv war. Mag sein, da\u00df man so etwas nicht ahnen kann. Wenn man aber nichts vorhersehen kann, wenn die Beh\u00f6rde konspirative Gruppen wie Diesners &#8222;Wei\u00dfen Arischen Widerstand&#8220; nicht aussp\u00e4hen kann, wozu dann eine gro\u00dfe Beh\u00f6rde?<\/p>\n<p>Offenbar verdankt die ihre Existenz nur der Tatsache, da\u00df die Experten Zeitungsmeldungen ausschneiden und sie fein s\u00e4uberlich geordnet den Politikern vorlegen, damit die bei \u00f6ffentlichen Auftritten intellektuell gewappnet sind. Die \u00f6ffentlichen Auftritte der Experten des VS kann man getrost vergessen: Zwar wirkt in Deutschland eine Beh\u00f6rde immer seri\u00f6s, ganz gleich, was deren Sprecher zu sagen haben, mehr als wackliges Zahlenmaterial hat der VS zum Thema Verfassungsfeinde meist nicht zu bieten. Das k\u00f6nnte die Polizei auch liefern.<\/p>\n<p>Gibt es irgend etwas, wozu der Verfassungsschutz n\u00fctzlich ist? Sollen die Landes\u00e4mter in direkte Konkurrenz zur Sozialarbeit treten, indem, wie in Brandenburg, die Gelder der Beh\u00f6rde direkt an Jugendclubs flie\u00dfen? Ist das Motto &#8222;sponsored by Verfassungsschutz&#8220; eine neue Art vertrauensbildender Ma\u00dfnahme, um die Verfassung vor ihren jugendlichen Feinden zu sch\u00fctzen?<\/p>\n<p>Man mu\u00df, will man die \u00fcberfl\u00fcssige Beh\u00f6rde aufl\u00f6sen, keine Arbeitspl\u00e4tze vernichten. Die Beh\u00f6rde k\u00f6nnte den Landeskriminal\u00e4mtern bzw. dem Staatsschutz zugeordnet werden und verf\u00fcgte dann auch \u00fcber rechtliche und technische Mittel, sich sachkundig zu machen. Niemand m\u00fc\u00dfte mehr Spitzel motivieren, etwas &#8222;anzuleiern&#8220;, um dem jeweiligen V-Mann- F\u00fchrer zu imponieren und die Honorare abzusichern.<\/p>\n<p>Der Verfassungsschutz mu\u00df abgewickelt werden. Er kann dem Dilemma nicht entrinnen, an dem auch die Quantenphysik sich die Z\u00e4hne ausbei\u00dft: Das beobachtete Objekt ver\u00e4ndert sich durch den Akt des Beobachtens. Oder mit Hegel: Alles, was ist, ist wert, da\u00df es zugrunde geht. <\/p>\n<p><i>Diesen Kommentar habe ich am <a href=\"http:\/\/www.burks.de\/artikel\/150397.html\">15.03.97<\/a> f\u00fcr die taz geschrieben. Man kann ihn heute wieder ver\u00f6ffentlichen. Es hat sich nichts ge\u00e4ndert, und es wird sich auch nichts \u00e4ndern. Der \u00f6ffentliche Diskurs zum Thema &#8222;Rechtsextremismus&#8220; benutzt seit 20 Jahren immer dieselben sinnfreien Textbausteine. Also verschont mich mit dem Gefasel.<\/i><\/p>\n<div class=\"pdfprnt-buttons pdfprnt-buttons-post pdfprnt-bottom-right\"><a href=\"https:\/\/www.burks.de\/burksblog\/wp-json\/wp\/v2\/posts\/12227?print=pdf\" class=\"pdfprnt-button pdfprnt-button-pdf\" target=\"_blank\" ><img decoding=\"async\" src=\"https:\/\/www.burks.de\/burksblog\/wp-content\/plugins\/pdf-print\/images\/pdf.png\" alt=\"image_pdf\" title=\"PDF anzeigen\" \/><\/a><a href=\"https:\/\/www.burks.de\/burksblog\/wp-json\/wp\/v2\/posts\/12227?print=print\" class=\"pdfprnt-button pdfprnt-button-print\" target=\"_blank\" ><img decoding=\"async\" src=\"https:\/\/www.burks.de\/burksblog\/wp-content\/plugins\/pdf-print\/images\/print.png\" alt=\"image_print\" title=\"Inhalt drucken\" \/><\/a><\/div><div class=\"twoclick_social_bookmarks_post_12227 social_share_privacy clearfix 1.6.4 locale-de_DE sprite-de_DE\"><\/div><div class=\"twoclick-js\"><script type=\"text\/javascript\">\/* <![CDATA[ *\/\njQuery(document).ready(function($){if($('.twoclick_social_bookmarks_post_12227')){$('.twoclick_social_bookmarks_post_12227').socialSharePrivacy({\"services\":{\"facebook\":{\"status\":\"on\",\"txt_info\":\"2 Klicks f\\u00fcr mehr Datenschutz: Erst wenn Sie hier klicken, wird der Button aktiv und Sie k\\u00f6nnen Ihre Empfehlung an Facebook senden. Schon beim Aktivieren werden Daten an Dritte \\u00fcbertragen - siehe <em>i<\\\/em>.\",\"perma_option\":\"off\",\"action\":\"recommend\",\"language\":\"de_DE\"},\"twitter\":{\"reply_to\":\"\",\"tweet_text\":\"%20Potemkin%20l%C3%A4%C3%9Ft%20gr%C3%BC%C3%9Fen%20%C2%BB%20Burks%27%20Blog%20-%20in%20dubio%20pro%20contra.%20...\",\"status\":\"on\",\"txt_info\":\"2 Klicks f\\u00fcr mehr Datenschutz: Erst wenn Sie hier klicken, wird der Button aktiv und Sie k\\u00f6nnen Ihre Empfehlung an Twitter senden. Schon beim Aktivieren werden Daten an Dritte \\u00fcbertragen - siehe <em>i<\\\/em>.\",\"perma_option\":\"off\",\"language\":\"de\",\"referrer_track\":\"\"}},\"txt_help\":\"Wenn Sie diese Felder durch einen Klick aktivieren, werden Informationen an Facebook, Twitter, Flattr, Xing, t3n, LinkedIn, Pinterest oder Google eventuell ins Ausland \\u00fcbertragen und unter Umst\\u00e4nden auch dort gespeichert. N\\u00e4heres erfahren Sie durch einen Klick auf das <em>i<\\\/em>.\",\"settings_perma\":\"Dauerhaft aktivieren und Daten\\u00fcber-tragung zustimmen:\",\"info_link\":\"http:\\\/\\\/www.heise.de\\\/ct\\\/artikel\\\/2-Klicks-fuer-mehr-Datenschutz-1333879.html\",\"uri\":\"https:\\\/\\\/www.burks.de\\\/burksblog\\\/2011\\\/11\\\/15\\\/potemkin-last-grusen-2\",\"post_id\":12227,\"post_title_referrer_track\":\"Potemkin+l%C3%A4%C3%9Ft+gr%C3%BC%C3%9Fen\",\"display_infobox\":\"on\"});}});\n\/* ]]> *\/<\/script><\/div>","protected":false},"excerpt":{"rendered":"<p>Alles Wirkliche sei vern\u00fcnftig, meinte der deutsche Philosoph Hegel im letzten Jahrhundert. Damals gab es den Verfassungsschutz noch nicht, eine wirklich \u00fcberfl\u00fcssige Beh\u00f6rde mit gef\u00e4hrlichen Wirkungen auf Journalisten und Politiker. Die Medien werden auf den VS ungern verzichten wollen: Wen sollte man sonst zum Beispiel zum Thema Rechtsextremismus interviewen? Die Journalisten sich gegenseitig? Und von [&hellip;]<\/p>\n","protected":false},"author":1,"featured_media":0,"comment_status":"open","ping_status":"open","sticky":false,"template":"","format":"standard","meta":{"footnotes":""},"categories":[200,15],"tags":[],"class_list":["post-12227","post","type-post","status-publish","format-standard","hentry","category-meine-artikel","category-politics"],"_links":{"self":[{"href":"https:\/\/www.burks.de\/burksblog\/wp-json\/wp\/v2\/posts\/12227","targetHints":{"allow":["GET"]}}],"collection":[{"href":"https:\/\/www.burks.de\/burksblog\/wp-json\/wp\/v2\/posts"}],"about":[{"href":"https:\/\/www.burks.de\/burksblog\/wp-json\/wp\/v2\/types\/post"}],"author":[{"embeddable":true,"href":"https:\/\/www.burks.de\/burksblog\/wp-json\/wp\/v2\/users\/1"}],"replies":[{"embeddable":true,"href":"https:\/\/www.burks.de\/burksblog\/wp-json\/wp\/v2\/comments?post=12227"}],"version-history":[{"count":4,"href":"https:\/\/www.burks.de\/burksblog\/wp-json\/wp\/v2\/posts\/12227\/revisions"}],"predecessor-version":[{"id":12231,"href":"https:\/\/www.burks.de\/burksblog\/wp-json\/wp\/v2\/posts\/12227\/revisions\/12231"}],"wp:attachment":[{"href":"https:\/\/www.burks.de\/burksblog\/wp-json\/wp\/v2\/media?parent=12227"}],"wp:term":[{"taxonomy":"category","embeddable":true,"href":"https:\/\/www.burks.de\/burksblog\/wp-json\/wp\/v2\/categories?post=12227"},{"taxonomy":"post_tag","embeddable":true,"href":"https:\/\/www.burks.de\/burksblog\/wp-json\/wp\/v2\/tags?post=12227"}],"curies":[{"name":"wp","href":"https:\/\/api.w.org\/{rel}","templated":true}]}}