{"id":11871,"date":"2011-10-01T12:26:00","date_gmt":"2011-10-01T10:26:00","guid":{"rendered":"http:\/\/www.burks.de\/burksblog\/?p=11871"},"modified":"2011-10-01T12:26:00","modified_gmt":"2011-10-01T10:26:00","slug":"anonymitat-ist-gut","status":"publish","type":"post","link":"https:\/\/www.burks.de\/burksblog\/2011\/10\/01\/anonymitat-ist-gut","title":{"rendered":"Anonymit\u00e4t ist gut"},"content":{"rendered":"<p><a href=\"http:\/\/www.telemedicus.info\/urteile\/Allgemeines-Persoenlichkeitsrecht\/1302-OLG-Hamm-Az-I-3-U-19610-Recht-auf-anonymisierte-Internetnutzung.html\">Oberlandesgericht Hamm<\/a> &#8211; Recht auf anonymisierte Internetnutzung (via <a href=\"http:\/\/www.lawblog.de\/index.php\/archives\/2011\/09\/28\/gericht-anonymitt-im-netz-ist-eine-gute-sache\/\">law blog<\/a>):<\/p>\n<p><i>Die f\u00fcr das Internet typische anonyme Nutzung entspricht zudem auch der grundrechtlichen Interessenlage, da eine Beschr\u00e4nkung der Meinungsfreiheit auf \u00c4u\u00dferungen, die einem bestimmten Individuum zugerechnet werden, mit <a href=\"http:\/\/dejure.org\/gesetze\/GG\/5.html\">Art. 5 Abs. 1 Satz 1 GG<\/a> nicht vereinbar ist. Die Verpflichtung, sich namentlich zu einer bestimmten Meinung zu bekennen, w\u00fcrde allgemein die Gefahr begr\u00fcnden, dass der Einzelne aus Furcht vor Repressalien oder sonstigen negativen Auswirkungen sich dahingehend entscheidet, seine Meinung nicht zu \u00e4u\u00dfern. Dieser Gefahr der Selbstzensur soll durch das Grundrecht auf freie Meinungs\u00e4u\u00dferung entgegen gewirkt werden.<\/i><\/p>\n<div class=\"pdfprnt-buttons pdfprnt-buttons-post pdfprnt-bottom-right\"><a href=\"https:\/\/www.burks.de\/burksblog\/wp-json\/wp\/v2\/posts\/11871?print=pdf\" class=\"pdfprnt-button pdfprnt-button-pdf\" target=\"_blank\" ><img decoding=\"async\" src=\"https:\/\/www.burks.de\/burksblog\/wp-content\/plugins\/pdf-print\/images\/pdf.png\" alt=\"image_pdf\" title=\"PDF anzeigen\" \/><\/a><a href=\"https:\/\/www.burks.de\/burksblog\/wp-json\/wp\/v2\/posts\/11871?print=print\" class=\"pdfprnt-button pdfprnt-button-print\" target=\"_blank\" ><img decoding=\"async\" src=\"https:\/\/www.burks.de\/burksblog\/wp-content\/plugins\/pdf-print\/images\/print.png\" alt=\"image_print\" title=\"Inhalt drucken\" \/><\/a><\/div><div class=\"twoclick_social_bookmarks_post_11871 social_share_privacy clearfix 1.6.4 locale-de_DE sprite-de_DE\"><\/div><div class=\"twoclick-js\"><script type=\"text\/javascript\">\/* <![CDATA[ *\/\njQuery(document).ready(function($){if($('.twoclick_social_bookmarks_post_11871')){$('.twoclick_social_bookmarks_post_11871').socialSharePrivacy({\"services\":{\"facebook\":{\"status\":\"on\",\"txt_info\":\"2 Klicks f\\u00fcr mehr Datenschutz: Erst wenn Sie hier klicken, wird der Button aktiv und Sie k\\u00f6nnen Ihre Empfehlung an Facebook senden. Schon beim Aktivieren werden Daten an Dritte \\u00fcbertragen - siehe <em>i<\\\/em>.\",\"perma_option\":\"off\",\"action\":\"recommend\",\"language\":\"de_DE\"},\"twitter\":{\"reply_to\":\"\",\"tweet_text\":\"%20Anonymit%C3%A4t%20ist%20gut%20%C2%BB%20Burks%27%20Blog%20-%20in%20dubio%20pro%20contra.%20De%20omnibus%20...\",\"status\":\"on\",\"txt_info\":\"2 Klicks f\\u00fcr mehr Datenschutz: Erst wenn Sie hier klicken, wird der Button aktiv und Sie k\\u00f6nnen Ihre Empfehlung an Twitter senden. Schon beim Aktivieren werden Daten an Dritte \\u00fcbertragen - siehe <em>i<\\\/em>.\",\"perma_option\":\"off\",\"language\":\"de\",\"referrer_track\":\"\"}},\"txt_help\":\"Wenn Sie diese Felder durch einen Klick aktivieren, werden Informationen an Facebook, Twitter, Flattr, Xing, t3n, LinkedIn, Pinterest oder Google eventuell ins Ausland \\u00fcbertragen und unter Umst\\u00e4nden auch dort gespeichert. N\\u00e4heres erfahren Sie durch einen Klick auf das <em>i<\\\/em>.\",\"settings_perma\":\"Dauerhaft aktivieren und Daten\\u00fcber-tragung zustimmen:\",\"info_link\":\"http:\\\/\\\/www.heise.de\\\/ct\\\/artikel\\\/2-Klicks-fuer-mehr-Datenschutz-1333879.html\",\"uri\":\"https:\\\/\\\/www.burks.de\\\/burksblog\\\/2011\\\/10\\\/01\\\/anonymitat-ist-gut\",\"post_id\":11871,\"post_title_referrer_track\":\"Anonymit%C3%A4t+ist+gut\",\"display_infobox\":\"on\"});}});\n\/* ]]> *\/<\/script><\/div>","protected":false},"excerpt":{"rendered":"<p>Oberlandesgericht Hamm &#8211; Recht auf anonymisierte Internetnutzung (via law blog): Die f\u00fcr das Internet typische anonyme Nutzung entspricht zudem auch der grundrechtlichen Interessenlage, da eine Beschr\u00e4nkung der Meinungsfreiheit auf \u00c4u\u00dferungen, die einem bestimmten Individuum zugerechnet werden, mit Art. 5 Abs. 1 Satz 1 GG nicht vereinbar ist. Die Verpflichtung, sich namentlich zu einer bestimmten Meinung [&hellip;]<\/p>\n","protected":false},"author":1,"featured_media":0,"comment_status":"open","ping_status":"open","sticky":false,"template":"","format":"standard","meta":{"footnotes":""},"categories":[31],"tags":[],"class_list":["post-11871","post","type-post","status-publish","format-standard","hentry","category-protect-your-privacy"],"_links":{"self":[{"href":"https:\/\/www.burks.de\/burksblog\/wp-json\/wp\/v2\/posts\/11871","targetHints":{"allow":["GET"]}}],"collection":[{"href":"https:\/\/www.burks.de\/burksblog\/wp-json\/wp\/v2\/posts"}],"about":[{"href":"https:\/\/www.burks.de\/burksblog\/wp-json\/wp\/v2\/types\/post"}],"author":[{"embeddable":true,"href":"https:\/\/www.burks.de\/burksblog\/wp-json\/wp\/v2\/users\/1"}],"replies":[{"embeddable":true,"href":"https:\/\/www.burks.de\/burksblog\/wp-json\/wp\/v2\/comments?post=11871"}],"version-history":[{"count":1,"href":"https:\/\/www.burks.de\/burksblog\/wp-json\/wp\/v2\/posts\/11871\/revisions"}],"predecessor-version":[{"id":11872,"href":"https:\/\/www.burks.de\/burksblog\/wp-json\/wp\/v2\/posts\/11871\/revisions\/11872"}],"wp:attachment":[{"href":"https:\/\/www.burks.de\/burksblog\/wp-json\/wp\/v2\/media?parent=11871"}],"wp:term":[{"taxonomy":"category","embeddable":true,"href":"https:\/\/www.burks.de\/burksblog\/wp-json\/wp\/v2\/categories?post=11871"},{"taxonomy":"post_tag","embeddable":true,"href":"https:\/\/www.burks.de\/burksblog\/wp-json\/wp\/v2\/tags?post=11871"}],"curies":[{"name":"wp","href":"https:\/\/api.w.org\/{rel}","templated":true}]}}