{"id":11123,"date":"2011-07-25T08:16:10","date_gmt":"2011-07-25T06:16:10","guid":{"rendered":"http:\/\/www.burks.de\/burksblog\/?p=11123"},"modified":"2018-10-04T21:20:44","modified_gmt":"2018-10-04T19:20:44","slug":"holzwickede","status":"publish","type":"post","link":"https:\/\/www.burks.de\/burksblog\/2011\/07\/25\/holzwickede","title":{"rendered":"Holzwickede"},"content":{"rendered":"<p><a href=\"http:\/\/www.burks.de\/burksblog\/pix\/2011\/07\/250711_1gr.jpg\"><img decoding=\"async\" src=\"http:\/\/www.burks.de\/burksblog\/pix\/2011\/07\/250711_1kl.jpg\" alt=\"Holzwickede\" border=\"0\" hspace=\"0\" vspace=\"0\" \/><\/a><\/p>\n<p align=left>Das sind mein Vater und seine Schwester (meine Tante) ungef\u00e4hr <a href=\"http:\/\/tinyurl.com\/42fxexm\">hier<\/a> in Holzwickede (fotografiert in Richtung S\u00fcdosten). Wann genau das Foto gemacht worden ist, wei\u00df ich nicht, jedenfalls zwischen 1945 und 1952.<\/p>\n<p>Ich werde jetzt eine Woche in <a href=\"http:\/\/www.unna.de\/\">Unna<\/a> und <a href=\"http:\/\/www.holzwickede.de\/\">Holzwickede<\/a> sein und meine Kindheit erwandern. Mehr in den n\u00e4chsten Tagen auf burks.de oder <a href=\"http:\/\/www.webcam-unna.de\/camframe.html\">hier<\/a> oder <a href=\"http:\/\/www.hellwegeranzeiger.de\/lokales\/unna\/\">hier<\/a>. (Ja, ich habe dort Internet!)<\/p>\n<div class=\"pdfprnt-buttons pdfprnt-buttons-post pdfprnt-bottom-right\"><a href=\"https:\/\/www.burks.de\/burksblog\/wp-json\/wp\/v2\/posts\/11123?print=pdf\" class=\"pdfprnt-button pdfprnt-button-pdf\" target=\"_blank\" ><img decoding=\"async\" src=\"https:\/\/www.burks.de\/burksblog\/wp-content\/plugins\/pdf-print\/images\/pdf.png\" alt=\"image_pdf\" title=\"PDF anzeigen\" \/><\/a><a href=\"https:\/\/www.burks.de\/burksblog\/wp-json\/wp\/v2\/posts\/11123?print=print\" class=\"pdfprnt-button pdfprnt-button-print\" target=\"_blank\" ><img decoding=\"async\" src=\"https:\/\/www.burks.de\/burksblog\/wp-content\/plugins\/pdf-print\/images\/print.png\" alt=\"image_print\" title=\"Inhalt drucken\" \/><\/a><\/div><div class=\"twoclick_social_bookmarks_post_11123 social_share_privacy clearfix 1.6.4 locale-de_DE sprite-de_DE\"><\/div><div class=\"twoclick-js\"><script type=\"text\/javascript\">\/* <![CDATA[ *\/\njQuery(document).ready(function($){if($('.twoclick_social_bookmarks_post_11123')){$('.twoclick_social_bookmarks_post_11123').socialSharePrivacy({\"services\":{\"facebook\":{\"status\":\"on\",\"txt_info\":\"2 Klicks f\\u00fcr mehr Datenschutz: Erst wenn Sie hier klicken, wird der Button aktiv und Sie k\\u00f6nnen Ihre Empfehlung an Facebook senden. Schon beim Aktivieren werden Daten an Dritte \\u00fcbertragen - siehe <em>i<\\\/em>.\",\"perma_option\":\"off\",\"action\":\"recommend\",\"language\":\"de_DE\"},\"twitter\":{\"reply_to\":\"\",\"tweet_text\":\"Holzwickede%20%C2%BB%20Burks%27%20Blog%20-%20in%20dubio%20pro%20contra.%20De%20omnibus%20dubitandum.\",\"status\":\"on\",\"txt_info\":\"2 Klicks f\\u00fcr mehr Datenschutz: Erst wenn Sie hier klicken, wird der Button aktiv und Sie k\\u00f6nnen Ihre Empfehlung an Twitter senden. Schon beim Aktivieren werden Daten an Dritte \\u00fcbertragen - siehe <em>i<\\\/em>.\",\"perma_option\":\"off\",\"language\":\"de\",\"referrer_track\":\"\"}},\"txt_help\":\"Wenn Sie diese Felder durch einen Klick aktivieren, werden Informationen an Facebook, Twitter, Flattr, Xing, t3n, LinkedIn, Pinterest oder Google eventuell ins Ausland \\u00fcbertragen und unter Umst\\u00e4nden auch dort gespeichert. N\\u00e4heres erfahren Sie durch einen Klick auf das <em>i<\\\/em>.\",\"settings_perma\":\"Dauerhaft aktivieren und Daten\\u00fcber-tragung zustimmen:\",\"info_link\":\"http:\\\/\\\/www.heise.de\\\/ct\\\/artikel\\\/2-Klicks-fuer-mehr-Datenschutz-1333879.html\",\"uri\":\"https:\\\/\\\/www.burks.de\\\/burksblog\\\/2011\\\/07\\\/25\\\/holzwickede\",\"post_id\":11123,\"post_title_referrer_track\":\"Holzwickede\",\"display_infobox\":\"on\"});}});\n\/* ]]> *\/<\/script><\/div>","protected":false},"excerpt":{"rendered":"<p>Das sind mein Vater und seine Schwester (meine Tante) ungef\u00e4hr hier in Holzwickede (fotografiert in Richtung S\u00fcdosten). Wann genau das Foto gemacht worden ist, wei\u00df ich nicht, jedenfalls zwischen 1945 und 1952. Ich werde jetzt eine Woche in Unna und Holzwickede sein und meine Kindheit erwandern. Mehr in den n\u00e4chsten Tagen auf burks.de oder hier [&hellip;]<\/p>\n","protected":false},"author":1,"featured_media":0,"comment_status":"open","ping_status":"open","sticky":false,"template":"","format":"standard","meta":{"footnotes":""},"categories":[631,22,603],"tags":[],"class_list":["post-11123","post","type-post","status-publish","format-standard","hentry","category-ancestry","category-hausmitteilung","category-heimat"],"_links":{"self":[{"href":"https:\/\/www.burks.de\/burksblog\/wp-json\/wp\/v2\/posts\/11123","targetHints":{"allow":["GET"]}}],"collection":[{"href":"https:\/\/www.burks.de\/burksblog\/wp-json\/wp\/v2\/posts"}],"about":[{"href":"https:\/\/www.burks.de\/burksblog\/wp-json\/wp\/v2\/types\/post"}],"author":[{"embeddable":true,"href":"https:\/\/www.burks.de\/burksblog\/wp-json\/wp\/v2\/users\/1"}],"replies":[{"embeddable":true,"href":"https:\/\/www.burks.de\/burksblog\/wp-json\/wp\/v2\/comments?post=11123"}],"version-history":[{"count":6,"href":"https:\/\/www.burks.de\/burksblog\/wp-json\/wp\/v2\/posts\/11123\/revisions"}],"predecessor-version":[{"id":11152,"href":"https:\/\/www.burks.de\/burksblog\/wp-json\/wp\/v2\/posts\/11123\/revisions\/11152"}],"wp:attachment":[{"href":"https:\/\/www.burks.de\/burksblog\/wp-json\/wp\/v2\/media?parent=11123"}],"wp:term":[{"taxonomy":"category","embeddable":true,"href":"https:\/\/www.burks.de\/burksblog\/wp-json\/wp\/v2\/categories?post=11123"},{"taxonomy":"post_tag","embeddable":true,"href":"https:\/\/www.burks.de\/burksblog\/wp-json\/wp\/v2\/tags?post=11123"}],"curies":[{"name":"wp","href":"https:\/\/api.w.org\/{rel}","templated":true}]}}