{"id":1027,"date":"2008-10-30T17:19:10","date_gmt":"2008-10-30T15:19:10","guid":{"rendered":"http:\/\/www.burks.de\/burksblog\/2008\/10\/30\/colloquium-der-german-privacy-foundation\/"},"modified":"2008-11-01T21:58:25","modified_gmt":"2008-11-01T19:58:25","slug":"colloquium-der-german-privacy-foundation","status":"publish","type":"post","link":"https:\/\/www.burks.de\/burksblog\/2008\/10\/30\/colloquium-der-german-privacy-foundation","title":{"rendered":"Colloquium der German Privacy Foundation [Update]"},"content":{"rendered":"<p align=left><img decoding=\"async\" src=\"http:\/\/www.burks.de\/burksblog\/pix\/2008\/10\/301008_3.jpg\" alt=\"Jan suhr\" border=\"0\" hspace=\"0\" vspace=\"0\" width=\"480\" \/><\/p>\n<p align=left>\n<p><a href=\"http:\/\/www.c-base.org\/cal\/month.php#\">C-Base<\/a>: Colloquium der <a href=\"http:\/\/www.privacyfoundation.de\/\">German Privacy Foundation<\/a> &#8211; (19:30 &#8211; 22:30 Uhr)<\/p>\n<p>Jan Suhr wird den German Privacy Foundation e.V. vorstellen und einen Einblick in ihre Projektarbeit bieten. Die GPF betreibt u.a. zahlreiche Anonymisierungsserver im Tor-\/JAP-Netzwerk und unterst\u00fctzt Tor-Serverbetreiber insbesondere bei rechtlichen Problemen. Im Rahmen der Vorstellung wird es einen \u00dcberblick \u00fcber weitere Projekte geben. Spannend d\u00fcrfte auch der selbst entwickelte OpenPGP-USB-Stick der GPF sein!<\/p>\n<p>Ort: <a href=\"http:\/\/www.c-base.org\/\">Raumstation<\/a> c-base <a href=\"http:\/\/maps.google.com\/maps?f=q&#038;hl=de&#038;geocode=&#038;q=berlin+germany+Rungestrasse+20&#038;sll=37.0625,-95.677068&#038;sspn=56.06887,107.138672&#038;ie=UTF8&#038;ll=52.512264,13.419843&#038;spn=0.010656,0.026157&#038;t=h&#038;z=16&#038;g=berlin+germany+Rungestrasse+20&#038;iwloc=addr\">Rungestrasse 20<\/a> 10179 Berlin<\/p>\n<p>[Update] Das Foto zeigt Jan Suhr, den stellvertretenden Vorsitzenden der GPF, w\u00e4hrend seines Vortrags.<\/p>\n<div class=\"pdfprnt-buttons pdfprnt-buttons-post pdfprnt-bottom-right\"><a href=\"https:\/\/www.burks.de\/burksblog\/wp-json\/wp\/v2\/posts\/1027?print=pdf\" class=\"pdfprnt-button pdfprnt-button-pdf\" target=\"_blank\" ><img decoding=\"async\" src=\"https:\/\/www.burks.de\/burksblog\/wp-content\/plugins\/pdf-print\/images\/pdf.png\" alt=\"image_pdf\" title=\"PDF anzeigen\" \/><\/a><a href=\"https:\/\/www.burks.de\/burksblog\/wp-json\/wp\/v2\/posts\/1027?print=print\" class=\"pdfprnt-button pdfprnt-button-print\" target=\"_blank\" ><img decoding=\"async\" src=\"https:\/\/www.burks.de\/burksblog\/wp-content\/plugins\/pdf-print\/images\/print.png\" alt=\"image_print\" title=\"Inhalt drucken\" \/><\/a><\/div><div class=\"twoclick_social_bookmarks_post_1027 social_share_privacy clearfix 1.6.4 locale-de_DE sprite-de_DE\"><\/div><div class=\"twoclick-js\"><script type=\"text\/javascript\">\/* <![CDATA[ *\/\njQuery(document).ready(function($){if($('.twoclick_social_bookmarks_post_1027')){$('.twoclick_social_bookmarks_post_1027').socialSharePrivacy({\"services\":{\"facebook\":{\"status\":\"on\",\"txt_info\":\"2 Klicks f\\u00fcr mehr Datenschutz: Erst wenn Sie hier klicken, wird der Button aktiv und Sie k\\u00f6nnen Ihre Empfehlung an Facebook senden. Schon beim Aktivieren werden Daten an Dritte \\u00fcbertragen - siehe <em>i<\\\/em>.\",\"perma_option\":\"off\",\"action\":\"recommend\",\"language\":\"de_DE\"},\"twitter\":{\"reply_to\":\"\",\"tweet_text\":\"%20Colloquium%20der%20German%20Privacy%20Foundation%20%5BUpdate%5D%20%C2%BB%20Burks%27%20Blog%20-%20in%20dubio%20...\",\"status\":\"on\",\"txt_info\":\"2 Klicks f\\u00fcr mehr Datenschutz: Erst wenn Sie hier klicken, wird der Button aktiv und Sie k\\u00f6nnen Ihre Empfehlung an Twitter senden. Schon beim Aktivieren werden Daten an Dritte \\u00fcbertragen - siehe <em>i<\\\/em>.\",\"perma_option\":\"off\",\"language\":\"de\",\"referrer_track\":\"\"}},\"txt_help\":\"Wenn Sie diese Felder durch einen Klick aktivieren, werden Informationen an Facebook, Twitter, Flattr, Xing, t3n, LinkedIn, Pinterest oder Google eventuell ins Ausland \\u00fcbertragen und unter Umst\\u00e4nden auch dort gespeichert. N\\u00e4heres erfahren Sie durch einen Klick auf das <em>i<\\\/em>.\",\"settings_perma\":\"Dauerhaft aktivieren und Daten\\u00fcber-tragung zustimmen:\",\"info_link\":\"http:\\\/\\\/www.heise.de\\\/ct\\\/artikel\\\/2-Klicks-fuer-mehr-Datenschutz-1333879.html\",\"uri\":\"https:\\\/\\\/www.burks.de\\\/burksblog\\\/2008\\\/10\\\/30\\\/colloquium-der-german-privacy-foundation\",\"post_id\":1027,\"post_title_referrer_track\":\"Colloquium+der+German+Privacy+Foundation+%5BUpdate%5D\",\"display_infobox\":\"on\"});}});\n\/* ]]> *\/<\/script><\/div>","protected":false},"excerpt":{"rendered":"<p>C-Base: Colloquium der German Privacy Foundation &#8211; (19:30 &#8211; 22:30 Uhr) Jan Suhr wird den German Privacy Foundation e.V. vorstellen und einen Einblick in ihre Projektarbeit bieten. Die GPF betreibt u.a. zahlreiche Anonymisierungsserver im Tor-\/JAP-Netzwerk und unterst\u00fctzt Tor-Serverbetreiber insbesondere bei rechtlichen Problemen. Im Rahmen der Vorstellung wird es einen \u00dcberblick \u00fcber weitere Projekte geben. Spannend [&hellip;]<\/p>\n","protected":false},"author":1,"featured_media":0,"comment_status":"open","ping_status":"open","sticky":false,"template":"","format":"standard","meta":{"footnotes":""},"categories":[21,15,31],"tags":[],"class_list":["post-1027","post","type-post","status-publish","format-standard","hentry","category-internet-and-computer","category-politics","category-protect-your-privacy"],"_links":{"self":[{"href":"https:\/\/www.burks.de\/burksblog\/wp-json\/wp\/v2\/posts\/1027","targetHints":{"allow":["GET"]}}],"collection":[{"href":"https:\/\/www.burks.de\/burksblog\/wp-json\/wp\/v2\/posts"}],"about":[{"href":"https:\/\/www.burks.de\/burksblog\/wp-json\/wp\/v2\/types\/post"}],"author":[{"embeddable":true,"href":"https:\/\/www.burks.de\/burksblog\/wp-json\/wp\/v2\/users\/1"}],"replies":[{"embeddable":true,"href":"https:\/\/www.burks.de\/burksblog\/wp-json\/wp\/v2\/comments?post=1027"}],"version-history":[{"count":0,"href":"https:\/\/www.burks.de\/burksblog\/wp-json\/wp\/v2\/posts\/1027\/revisions"}],"wp:attachment":[{"href":"https:\/\/www.burks.de\/burksblog\/wp-json\/wp\/v2\/media?parent=1027"}],"wp:term":[{"taxonomy":"category","embeddable":true,"href":"https:\/\/www.burks.de\/burksblog\/wp-json\/wp\/v2\/categories?post=1027"},{"taxonomy":"post_tag","embeddable":true,"href":"https:\/\/www.burks.de\/burksblog\/wp-json\/wp\/v2\/tags?post=1027"}],"curies":[{"name":"wp","href":"https:\/\/api.w.org\/{rel}","templated":true}]}}